{"id":27670,"date":"2014-03-11T12:56:01","date_gmt":"2014-03-11T12:56:01","guid":{"rendered":"https:\/\/obscom.intervozes.org.br\/wordpress\/?p=27670"},"modified":"2014-03-11T12:56:01","modified_gmt":"2014-03-11T12:56:01","slug":"seminario-debate-democratizacao-e-canal-da-cidadania","status":"publish","type":"post","link":"https:\/\/obscom.intervozes.org.br\/?p=27670","title":{"rendered":"Semin\u00e1rio debate democratiza\u00e7\u00e3o e Canal da Cidadania"},"content":{"rendered":"<p>&ldquo;O Canal da Cidadania pode se constituir como marco revolucion&aacute;rio da sociedade brasileira, a oportunidade dela intervir e andar a passos largos&rdquo;, afirmou confiante o vereador petista Reimont durante o III Semin&aacute;rio Livre pela &ldquo;Democratiza&ccedil;&atilde;o da M&iacute;dia&rdquo;. O evento foi promovido pela Comiss&atilde;o de Defesa da Liberdade de Imprensa e Direitos Humanos da Associa&ccedil;&atilde;o Brasileira de Imprensa (ABI) no dia 10 de mar&ccedil;o e teve como principais temas &ldquo;Perspectivas para democratizar a m&iacute;dia&rdquo; e &ldquo;Canal da Cidadania&rdquo;.<\/p>\n<p>O movimento em defesa da democratiza&ccedil;&atilde;o da comunica&ccedil;&atilde;o no Rio de Janeiro tem se mobilizado em torno da luta para garantir que o munic&iacute;pio tenha duas emissoras comunit&aacute;rias de TV aberta, o que pode ser viabilizado por meio da implementa&ccedil;&atilde;o do Canal da Cidadania. Daniel Fonseca, representante da Frente Ampla pela Liberdade de Express&atilde;o (Fale-Rio) e do Intervozes, destacou que o canal &eacute; um ponto da resist&ecirc;ncia da sociedade civil no modelo de TV digital adotado no pa&iacute;s que beneficiou basicamente os interesses comerciais. Alerta, por&eacute;m, que mesmo com a implementa&ccedil;&atilde;o dessa pol&iacute;tica de diversifica&ccedil;&atilde;o, &eacute; preciso se precaver contra pr&aacute;ticas como a do &ldquo;coronelismo eletr&ocirc;nico&rdquo;, em que chefes pol&iacute;ticos locais se utilizam do poder de mando para interferir no funcionamento da comunica&ccedil;&atilde;o.<\/p>\n<p>Integrante da TV Comunit&aacute;ria de Niter&oacute;i, Rafael Duarte contou um pouco do hist&oacute;rico de luta das TVs n&atilde;o-comerciais e afirmou que a complementaridade dos sistemas prevista na Constitui&ccedil;&atilde;o Federal nunca foi cumprida de forma efetiva.<\/p>\n<p>O deputado federal Prot&oacute;genes Queiroz (PCdoB-SP) considera que &ldquo;a democratiza&ccedil;&atilde;o da comunica&ccedil;&atilde;o j&aacute; acontece por meio da m&iacute;dia alternativa&rdquo; e questionou a destina&ccedil;&atilde;o da verba publicit&aacute;ria governamental para conglomerados de m&iacute;dia como a Globo que &ldquo;devem mais de 2 bilh&otilde;es de reais ao fisco&rdquo;.<\/p>\n<p>Representante do Brasil de Fato no Rio de Janeiro, Joaquim Pinheiro defendeu o direito dos meios populares terem acesso ao dinheiro p&uacute;blico que financia a m&iacute;dia por meio dos governos e que isso seja feito mantendo-se a garantia da autonomia do ve&iacute;culo.<\/p>\n","protected":false},"excerpt":{"rendered":"<p>Evento realizado na ABI destacou o papel que o Canal da Cidadania pode ter no processo de democratiza&ccedil;&atilde;o da comunica&ccedil;&atilde;o na implementa&ccedil;&atilde;o do sistema de TV DIgital<\/p>\n","protected":false},"author":1,"featured_media":0,"comment_status":"open","ping_status":"open","sticky":false,"template":"","format":"standard","meta":{"footnotes":""},"categories":[40],"tags":[79],"_links":{"self":[{"href":"https:\/\/obscom.intervozes.org.br\/index.php?rest_route=\/wp\/v2\/posts\/27670"}],"collection":[{"href":"https:\/\/obscom.intervozes.org.br\/index.php?rest_route=\/wp\/v2\/posts"}],"about":[{"href":"https:\/\/obscom.intervozes.org.br\/index.php?rest_route=\/wp\/v2\/types\/post"}],"author":[{"embeddable":true,"href":"https:\/\/obscom.intervozes.org.br\/index.php?rest_route=\/wp\/v2\/users\/1"}],"replies":[{"embeddable":true,"href":"https:\/\/obscom.intervozes.org.br\/index.php?rest_route=%2Fwp%2Fv2%2Fcomments&post=27670"}],"version-history":[{"count":0,"href":"https:\/\/obscom.intervozes.org.br\/index.php?rest_route=\/wp\/v2\/posts\/27670\/revisions"}],"wp:attachment":[{"href":"https:\/\/obscom.intervozes.org.br\/index.php?rest_route=%2Fwp%2Fv2%2Fmedia&parent=27670"}],"wp:term":[{"taxonomy":"category","embeddable":true,"href":"https:\/\/obscom.intervozes.org.br\/index.php?rest_route=%2Fwp%2Fv2%2Fcategories&post=27670"},{"taxonomy":"post_tag","embeddable":true,"href":"https:\/\/obscom.intervozes.org.br\/index.php?rest_route=%2Fwp%2Fv2%2Ftags&post=27670"}],"curies":[{"name":"wp","href":"https:\/\/api.w.org\/{rel}","templated":true}]}}