{"id":27664,"date":"2014-02-26T10:32:30","date_gmt":"2014-02-26T10:32:30","guid":{"rendered":"https:\/\/obscom.intervozes.org.br\/wordpress\/?p=27664"},"modified":"2014-02-26T10:32:30","modified_gmt":"2014-02-26T10:32:30","slug":"criminalizacao-de-comunitarias-sera-intensificada-para-a-copa-do-mundo","status":"publish","type":"post","link":"https:\/\/obscom.intervozes.org.br\/?p=27664","title":{"rendered":"Criminaliza\u00e7\u00e3o de comunit\u00e1rias ser\u00e1 intensificada para a Copa do Mundo"},"content":{"rendered":"<p>Na &uacute;ltima segunda-feira, dia 24, por volta das 22 horas, manifestantes reocuparam o est&uacute;dio da R&aacute;dio Muda, voltando a coloc&aacute;-la em opera&ccedil;&atilde;o. Na manh&atilde; do dia anterior, a emissora, que funciona na Universidade de Campinas (Unicamp) e transmite diariamente h&aacute; cerca de tr&ecirc;s d&eacute;cadas, havia sido desmontada. A a&ccedil;&atilde;o aconteceu poucos dias depois de a Ag&ecirc;ncia Nacional de Telecomunica&ccedil;&otilde;es (Anatel) enviar informe a associa&ccedil;&otilde;es de r&aacute;dios comunit&aacute;rias comunicando que, em consequ&ecirc;ncia da proximidade da Copa do Mundo, haveria o &ldquo;refor&ccedil;o da fiscaliza&ccedil;&atilde;o&rdquo; em todo o Brasil e &ldquo;autua&ccedil;&atilde;o&rdquo; no primeiro semestre de 2014.<\/p>\n<p>A carta recebida justifica o recrudescimento da repress&atilde;o contra as r&aacute;dios comunit&aacute;rias e livres pela &ldquo;proximidade da Copa do Mundo Fifa Brasil 2014 e a necessidade de utiliza&ccedil;&atilde;o intensa do espectro radioel&eacute;trico durante a realiza&ccedil;&atilde;o de eventos de grande magnitude&rdquo;. A a&ccedil;&atilde;o segue assim uma s&eacute;rie de medidas que t&ecirc;m intensificado a criminaliza&ccedil;&atilde;o dos movimentos sociais e populares em nome da ordem e do bom andamento dos compromissos do governo com os mega-eventos, como a proposta de uma lei antiterrorismo, de um manual de Garantia da Lei e da Ordem (GLO) e a Lei Geral da Copa.<\/p>\n<p>Segundo Pedro Martins, representante da Associa&ccedil;&atilde;o Mundial de R&aacute;dios Comunit&aacute;rias (Amarc) no Brasil, o plano da Anatel exp&otilde;e ainda mais a pol&iacute;tica atual do governo e do Minist&eacute;rio da Comunica&ccedil;&otilde;es de continuar protegendo a m&iacute;dia corporativa em detrimento de ampliar a pluralidade e a diversidade de vozes no espectro. Ele diz acreditar que &ldquo;a repress&atilde;o &agrave; R&aacute;dio Muda esteja dentro deste plano, que exp&otilde;e ainda mais a pol&iacute;tica atual do governo e do Minist&eacute;rio da Comunica&ccedil;&otilde;es de continuar protegendo a m&iacute;dia corporativa em detrimento de ampliar a pluralidade e a diversidade de vozes no espectro. E a Copa vem servindo como elemento para aumentar ainda mais a repress&atilde;o, o que &eacute; bem preocupante&rdquo;.<\/p>\n<p>Um levantamento publicado em 2010 pela Associa&ccedil;&atilde;o Brasileira de R&aacute;dios Comunit&aacute;rias (Abra&ccedil;o) indicou que 471 entidades na regi&atilde;o de Campinas buscavam o reconhecimento do servi&ccedil;o de radiodifus&atilde;o, sendo que 51% estavam com seus processos arquivados, 9% em andamento e 27 % aguardando aviso de habilita&ccedil;&atilde;o. Desse total, apenas 63 entidades tinham seus pleitos autorizados. Hoje, quatro anos depois, esse n&uacute;mero teria subido para 65, de acordo com informa&ccedil;&otilde;es do Movimento Nacional das R&aacute;dios Comunit&aacute;rias (MNRC).<\/p>\n<p>Os n&uacute;meros demonstram que a prioridade para o setor tem sido dar peso nas autua&ccedil;&otilde;es, em detrimento das autoriza&ccedil;&otilde;es. A forma como v&ecirc;m atuando os agentes do Estado tem sido objeto de cr&iacute;ticas pelos defensores das r&aacute;dios comunit&aacute;rias e livres. Jerry de Oliveira, representante do MNRC em S&atilde;o Paulo, declara que &ldquo;o MNRC de S&atilde;o Paulo repudia esta a&ccedil;&atilde;o contra a R&aacute;dio Muda, ainda mais sabendo por meio de documento informal que a opera&ccedil;&atilde;o aconteceria fora dos padr&otilde;es determinados pelo c&oacute;digo civil&rdquo;. <\/p>\n<p>O documento ao qual Oliveira se refere seria a troca de e-mails entre agentes da Anatel, na qual recomendariam &ldquo;aten&ccedil;&atilde;o especial&rdquo; &agrave; R&aacute;dio Muda por ser operada por estudantes da Unicamp que t&ecirc;m resistido &agrave;s investidas dos agentes (a r&aacute;dio j&aacute; foi fechada seis vezes). Na mensagem, a recomenda&ccedil;&atilde;o &eacute; de que a a&ccedil;&atilde;o seja feita em um feriado ou domingo pela manh&atilde;, como aconteceu no fim de semana anterior. O representante do MNRC afirma que a Anatel tem &ldquo;medo da organiza&ccedil;&atilde;o popular&rdquo;.<\/p>\n<p>A resist&ecirc;ncia dos estudantes da Unicamp, que reocuparam os est&uacute;dios da R&aacute;dio Muda na caixa d&rsquo;&aacute;gua da universidade, continua. O MNRC diz estar preparado para resistir.<\/p>\n","protected":false},"excerpt":{"rendered":"<p>Anatel anunciou que haveria &ldquo;refor&ccedil;o na fiscaliza&ccedil;&atilde;o&rdquo;&nbsp; das r&aacute;dios comunit&aacute;rias antes do mega-evento. R&aacute;dio Muda de Campinas teria sido a primeira v&iacute;tima.<\/p>\n","protected":false},"author":1,"featured_media":0,"comment_status":"open","ping_status":"open","sticky":false,"template":"","format":"standard","meta":{"footnotes":""},"categories":[40],"tags":[526],"_links":{"self":[{"href":"https:\/\/obscom.intervozes.org.br\/index.php?rest_route=\/wp\/v2\/posts\/27664"}],"collection":[{"href":"https:\/\/obscom.intervozes.org.br\/index.php?rest_route=\/wp\/v2\/posts"}],"about":[{"href":"https:\/\/obscom.intervozes.org.br\/index.php?rest_route=\/wp\/v2\/types\/post"}],"author":[{"embeddable":true,"href":"https:\/\/obscom.intervozes.org.br\/index.php?rest_route=\/wp\/v2\/users\/1"}],"replies":[{"embeddable":true,"href":"https:\/\/obscom.intervozes.org.br\/index.php?rest_route=%2Fwp%2Fv2%2Fcomments&post=27664"}],"version-history":[{"count":0,"href":"https:\/\/obscom.intervozes.org.br\/index.php?rest_route=\/wp\/v2\/posts\/27664\/revisions"}],"wp:attachment":[{"href":"https:\/\/obscom.intervozes.org.br\/index.php?rest_route=%2Fwp%2Fv2%2Fmedia&parent=27664"}],"wp:term":[{"taxonomy":"category","embeddable":true,"href":"https:\/\/obscom.intervozes.org.br\/index.php?rest_route=%2Fwp%2Fv2%2Fcategories&post=27664"},{"taxonomy":"post_tag","embeddable":true,"href":"https:\/\/obscom.intervozes.org.br\/index.php?rest_route=%2Fwp%2Fv2%2Ftags&post=27664"}],"curies":[{"name":"wp","href":"https:\/\/api.w.org\/{rel}","templated":true}]}}