{"id":27663,"date":"2014-02-25T10:20:31","date_gmt":"2014-02-25T10:20:31","guid":{"rendered":"https:\/\/obscom.intervozes.org.br\/wordpress\/?p=27663"},"modified":"2014-02-25T10:20:31","modified_gmt":"2014-02-25T10:20:31","slug":"lei-de-midia-democratica-e-divulgada-em-evento-de-educadoras-feministas","status":"publish","type":"post","link":"https:\/\/obscom.intervozes.org.br\/?p=27663","title":{"rendered":"Lei de M\u00eddia Democr\u00e1tica \u00e9 divulgada em evento de educadoras feministas"},"content":{"rendered":"<p>Com o objetivo de fortalecer a campanha Para Expressar a Liberdade e o Plebiscito por uma Constituinte Exclusiva e Soberana do Sistema Pol&iacute;tico, o SOS Corpo &#8211; Instituto Feminista para a Democracia, divulgou duas a&ccedil;&otilde;es em curso no movimento de mulheres, durante a Jornada Nacional de Educadoras Feministas, encerrada hoje, 23, no Recife, com a presen&ccedil;a de 50 mulheres de mais de 30 organiza&ccedil;&otilde;es feministas do pa&iacute;s.<\/p>\n<p>Luisabeth Amorim, do Grupo Cactos, e Paula de Andrade, do SOS Corpo, apresentaram a a&ccedil;&atilde;o &quot;Deixa eu Dizer o Que Penso Dessa Vida&quot;, uma iniciativa criada para aprofundar comunica&ccedil;&atilde;o e feminismo entre mulheres de organiza&ccedil;&otilde;es situadas em bairros e munic&iacute;pios da Regi&atilde;o Metropolitana do Recife (RMR).<\/p>\n<p>Segundo Paula, a a&ccedil;&atilde;o surgiu como uma ideia de v&aacute;rias mulheres, ao final de uma oficina realizada ano passado, pelo SOS Corpo, quando um momento de reflex&atilde;o foi aberto com a can&ccedil;&atilde;o que cont&eacute;m esse verso.<\/p>\n<p>Ela relembra que &quot;ouvir a can&ccedil;&atilde;o, ao final da oficina, unificou o sentimento de todas as participantes, como se um grito coletivo sa&iacute;sse das gargantas, depois de refletirmos, entre outras coisas, que a timidez ou o recato das mulheres em espa&ccedil;os p&uacute;blicos n&atilde;o tem nada a ver com uma caracter&iacute;stica feminina generalizada, como querem nos fazer pensar, ainda hoje&quot;. Essa timidez seria, segundo conta da reflex&atilde;o coletiva feita pelas mulheres, apenas um v&eacute;u usado para encobrir &#8211; como se fosse um tra&ccedil;o de individual ou de personalidade &#8211; aquilo que todas n&oacute;s, mulheres, vivemos, e que se refor&ccedil;a sobretudo para as negras. &quot;Sofremos todas, de forma aberta ou subliminar, uma intimida&ccedil;&atilde;o. Somos intimidadas pela opress&atilde;o do sistema patriarcal, que juntamente com o racismo e o capitalismo nos faz pensar, desde a inf&acirc;ncia, ou que &#39;n&atilde;o sabemos falar&#39; ou que expor nossas cr&iacute;ticas &#39;n&atilde;o &eacute; de bom tom&#39;&quot;.<\/p>\n<p>Assim, em poucos dias, Cris Cavalcanti, da tro&ccedil;a l&eacute;sbico feminista Ou Vai ou Racha, que tinha companheiras nessa oficina, criou uma imagem para uma camiseta, que foi produzida pelo Grupo Cactus, e que est&aacute; se espalhando pouco a pouco entre grupos de mulheres que estavam na oficina e que desejaram dar express&atilde;o p&uacute;blica &agrave;s reflex&otilde;es sobre direito &agrave; comunica&ccedil;&atilde;o numa perspectiva cr&iacute;tica feminista. Luisabeth Amorim real&ccedil;a, ainda, que ao se pensar na imagem, &quot;tamb&eacute;m resolvemos que a estampa serviria como meio de divulgar a campanha por uma Lei de M&iacute;dia Democr&aacute;tica para al&eacute;m de nossas organiza&ccedil;&otilde;es, incluindo-a como um debate vital entre as militantes do F&oacute;rum de Mulheres de Pernambuco&quot;. Para ela, a a&ccedil;&atilde;o ajudar&aacute; a trazer mais companheiras para as a&ccedil;&otilde;es de coleta de assinaturas do projeto da Lei de M&iacute;dia Democr&aacute;tica, seja a partir pr&oacute;prio movimento de mulheres, seja pela atua&ccedil;&atilde;o delas em outros movimentos sociais.<\/p>\n<p>Na sequ&ecirc;ncia, Joana D&#39;Arc, educadora do coletivo Cunh&atilde; Feminista (PB), divulgou o Plebiscito Popular por uma Constituinte Exclusiva e Soberana do Sistema Pol&iacute;tico. A educadora frisou que o Plebiscito &eacute; uma das a&ccedil;&otilde;es estrat&eacute;gicas da Articula&ccedil;&atilde;o de Mulheres Brasileiras na luta pela democratiza&ccedil;&atilde;o do poder, onde tamb&eacute;m est&aacute; inserido o debate sobre a democratiza&ccedil;&atilde;o da comunica&ccedil;&atilde;o, no Brasil.<\/p>\n<p>De acordo com Joana, essa a&ccedil;&atilde;o consolida o compromisso de diversas organiza&ccedil;&otilde;es feministas e de outros movimentos sociais com o processo de educa&ccedil;&atilde;o popular que debater&aacute; os problemas do atual sistema pol&iacute;tico, com enfoque na quest&atilde;o da subrepresenta&ccedil;&atilde;o das mulheres, dos povos negro e ind&iacute;gena, e da popula&ccedil;&atilde;o LGBT. Al&eacute;m disso, pretende estimular a elabora&ccedil;&atilde;o e implementa&ccedil;&atilde;o de condi&ccedil;&otilde;es estruturais e regras que possibilitem, cotidianamente, a paridade nas rela&ccedil;&otilde;es de poder, na perpectiva da constru&ccedil;&atilde;o de um sistema mais democr&aacute;tico.<\/p>\n<p>O plebiscito popular acontecer&aacute; este ano em todo pa&iacute;s na primeira semana de setembro. No momento, integrantes de v&aacute;rios movimentos sociais est&atilde;o engajadas\/os na forma&ccedil;&atilde;o de comit&ecirc;s locais &#8211; munic&iacute;pios e estados; escolas; sindicatos; locais de trabalho etc. -, para dinamiza&ccedil;&atilde;o de reflex&otilde;es em todos os lugares e, posteriormente, a instala&ccedil;&atilde;o do processo de vota&ccedil;&atilde;o com ampla participa&ccedil;&atilde;o popular no pa&iacute;s.<\/p>\n<p><strong>Jornada<\/strong><\/p>\n<p>A Jornada Nacional de Educadoras Feministas aconteceu de 20 a 23 de fevereiro em sua terceira etapa. De acordo com Paula de Andrade, a inten&ccedil;&atilde;o do Instituto &eacute; seguir divulgando o projeto de Lei da M&iacute;dia Democr&aacute;tica e o Plesbiscito Popular ao longo do ano, nas atividades promovidas em Pernambuco e em outros estados do pa&iacute;s. &quot;Pretendemos refor&ccedil;ar a coleta de assinaturas para as duas iniciativas entre as participantes de nossas atividades de forma&ccedil;&atilde;o e articula&ccedil;&atilde;o, inclusive distribuindo folhas de coleta para que elas mesmas possam se somar &agrave;s iniciativas em suas cidades, se assim desejarem.<\/p>\n","protected":false},"excerpt":{"rendered":"<p>O evento contou ainda com a apresenta&ccedil;&atilde;o de a&ccedil;&atilde;o que aprofunda comunica&ccedil;&atilde;o e feminismo entre mulheres na Regi&atilde;o Metropolitana do Recife.<\/p>\n","protected":false},"author":1,"featured_media":0,"comment_status":"open","ping_status":"open","sticky":false,"template":"","format":"standard","meta":{"footnotes":""},"categories":[40],"tags":[168],"_links":{"self":[{"href":"https:\/\/obscom.intervozes.org.br\/index.php?rest_route=\/wp\/v2\/posts\/27663"}],"collection":[{"href":"https:\/\/obscom.intervozes.org.br\/index.php?rest_route=\/wp\/v2\/posts"}],"about":[{"href":"https:\/\/obscom.intervozes.org.br\/index.php?rest_route=\/wp\/v2\/types\/post"}],"author":[{"embeddable":true,"href":"https:\/\/obscom.intervozes.org.br\/index.php?rest_route=\/wp\/v2\/users\/1"}],"replies":[{"embeddable":true,"href":"https:\/\/obscom.intervozes.org.br\/index.php?rest_route=%2Fwp%2Fv2%2Fcomments&post=27663"}],"version-history":[{"count":0,"href":"https:\/\/obscom.intervozes.org.br\/index.php?rest_route=\/wp\/v2\/posts\/27663\/revisions"}],"wp:attachment":[{"href":"https:\/\/obscom.intervozes.org.br\/index.php?rest_route=%2Fwp%2Fv2%2Fmedia&parent=27663"}],"wp:term":[{"taxonomy":"category","embeddable":true,"href":"https:\/\/obscom.intervozes.org.br\/index.php?rest_route=%2Fwp%2Fv2%2Fcategories&post=27663"},{"taxonomy":"post_tag","embeddable":true,"href":"https:\/\/obscom.intervozes.org.br\/index.php?rest_route=%2Fwp%2Fv2%2Ftags&post=27663"}],"curies":[{"name":"wp","href":"https:\/\/api.w.org\/{rel}","templated":true}]}}