{"id":27656,"date":"2014-02-07T09:48:09","date_gmt":"2014-02-07T09:48:09","guid":{"rendered":"https:\/\/obscom.intervozes.org.br\/wordpress\/?p=27656"},"modified":"2015-08-30T22:49:54","modified_gmt":"2015-08-30T22:49:54","slug":"o-beijo-gay-e-a-regulacao-da-midia","status":"publish","type":"post","link":"https:\/\/obscom.intervozes.org.br\/?p=27656","title":{"rendered":"O beijo gay e a regula\u00e7\u00e3o da m\u00eddia"},"content":{"rendered":"<p><strong>Por\u00a0Symmy Larrat*<\/strong><\/p>\n<p>O beijo entre um casal homossexual, ocorrido no final da novela \u201cAmor \u00e0 Vida\u201d e transmitida em hor\u00e1rio nobre da TV brasileira, arrancou aplausos e gritos como que numa final de copa. No entanto, se analisarmos a cena ap\u00f3s a emo\u00e7\u00e3o de ter assistido a um marco na hist\u00f3ria da teledramaturgia brasileira, podemos avaliar com mais nitidez o quanto avan\u00e7amos e o quanto ainda temos que avan\u00e7ar para uma m\u00eddia realmente igual e diversa.<\/p>\n<p>Ao observar a cena, constatamos que o beijo entre homens n\u00e3o teve o mesmo calor dos beijos entre personagens heterossexuais, constata\u00e7\u00e3o que est\u00e1 longe de querer heteronormatizar o beijo, ou estereotipar a homoafetividade, mas sim de promover a equidade do espa\u00e7o televisivo \u00e0s orienta\u00e7\u00f5es sexuais e, mais ainda, \u00e0s identidades de g\u00eanero.<\/p>\n<p>No dia seguinte, mesmo dia da tradicional reprise do \u00faltimo cap\u00edtulo que escancarou o beijo entre homens, a Globo nos presenteou, como faz todos os s\u00e1bados, com um programa humor\u00edstico repleto de estere\u00f3tipos homof\u00f3bicos e transf\u00f3bicos.<\/p>\n<p>Est\u00e1 claro que devemos debater o modelo de comunica\u00e7\u00e3o que queremos no seio dos movimentos sociais. A grande m\u00eddia tem DNA conservador e a luta por direitos humanos perpassa em combater a centraliza\u00e7\u00e3o da m\u00eddia. N\u00e3o temos refer\u00eancia legal que garanta a diversidade e pluralidade na m\u00eddia atual.<\/p>\n<p>Se tomarmos pelo debate das identidades, cabe a pergunta: quando vamos ver travestis e transexuais interpretando a elas mesmas? Quando as identidades trans s\u00e3o abordadas na m\u00eddia, com personagens de destaque, o que assistimos s\u00e3o homens travestidos. Se avan\u00e7armos ao jornalismo, o desconhecimento destas identidades \u00e9 absurdo.<\/p>\n<p>Para a m\u00eddia, em geral, pessoas trans tem seu g\u00eanero definido por sua genit\u00e1lia, n\u00e3o possuem nome social, s\u00e3o vulgo, tem alcunha, ou nome de guerra. O humor, ali\u00e1s, \u00e9 o carro-chefe, somado ao jornalismo policial, do desrespeito a pessoas trans. Virou moda fazer humor com a orienta\u00e7\u00e3o sexual alheia, ou com as pessoas que assumem seu g\u00eanero diferenciado do seu sexo biol\u00f3gico. Virou moda fazer teste para identificar quem das modelos s\u00e3o mulheres \u201cde verdade\u201d, expondo travestis e transexuais ao rid\u00edculo e pisoteando sua feminilidade.<\/p>\n<p>O feminic\u00eddio das identidades trans sempre foi permitido, assim como a banaliza\u00e7\u00e3o da express\u00e3o sexual e a demoniza\u00e7\u00e3o das orienta\u00e7\u00f5es sexuais. O canal aberto sempre foi aberto a estere\u00f3tipos e a propaga\u00e7\u00e3o de conceitos Lesbo-Homo-Transf\u00f3bicos, sexistas, machistas e mis\u00f3ginos.<\/p>\n<p>Contudo, o beijo retratado em rede nacional, na maior e n\u00e3o menos conservadora emissora do pa\u00eds, \u00e9 uma conquista dos que sempre lutaram pelos direitos da popula\u00e7\u00e3o LGBT. Comemoremos o beijo!\u00a0 A possibilidade da exist\u00eancia deste beijo \u00e9 importante, mas que s\u00f3 valer\u00e1 se vier acompanhada de um debate s\u00e9rio sobre o novo marco regulat\u00f3rio das comunica\u00e7\u00f5es no Brasil.<\/p>\n<p>O marco regulat\u00f3rio deve se balizar na defesa de uma estrutura que responda as diretrizes fundamentadas nos princ\u00edpios constitucionais e que represente as v\u00e1rias popula\u00e7\u00f5es e demandas sociais, entre elas o respeito \u00e0 livre express\u00e3o das diversas orienta\u00e7\u00f5es sexuais e da identidade de g\u00eanero. S\u00f3 assim legitimaremos a equidade necess\u00e1ria dentro dos meios de comunica\u00e7\u00e3o.<\/p>\n<p><em>* Symmy Larrat \u00e9 jornalista, ativista do Grupo de Resist\u00eancia de Travestis e Transexuais da Amaz\u00f4nia (GRETTA) e integrante do Intervozes.<\/em><\/p>\n<p><em>Texto originalmente publicado no Blog do Intervozes na Carta Capital.<\/em><\/p>\n","protected":false},"excerpt":{"rendered":"<p>A exibi&ccedil;&atilde;o do beijo gay em rede nacional foi uma conquista, mas s&oacute; valer&aacute; se vier acompanhada de debate s&eacute;rio sobre o novo marco regulat&oacute;rio das comunica&ccedil;&otilde;es <\/p>\n","protected":false},"author":1,"featured_media":0,"comment_status":"open","ping_status":"open","sticky":false,"template":"","format":"standard","meta":{"footnotes":""},"categories":[42],"tags":[1834,1833],"_links":{"self":[{"href":"https:\/\/obscom.intervozes.org.br\/index.php?rest_route=\/wp\/v2\/posts\/27656"}],"collection":[{"href":"https:\/\/obscom.intervozes.org.br\/index.php?rest_route=\/wp\/v2\/posts"}],"about":[{"href":"https:\/\/obscom.intervozes.org.br\/index.php?rest_route=\/wp\/v2\/types\/post"}],"author":[{"embeddable":true,"href":"https:\/\/obscom.intervozes.org.br\/index.php?rest_route=\/wp\/v2\/users\/1"}],"replies":[{"embeddable":true,"href":"https:\/\/obscom.intervozes.org.br\/index.php?rest_route=%2Fwp%2Fv2%2Fcomments&post=27656"}],"version-history":[{"count":2,"href":"https:\/\/obscom.intervozes.org.br\/index.php?rest_route=\/wp\/v2\/posts\/27656\/revisions"}],"predecessor-version":[{"id":29240,"href":"https:\/\/obscom.intervozes.org.br\/index.php?rest_route=\/wp\/v2\/posts\/27656\/revisions\/29240"}],"wp:attachment":[{"href":"https:\/\/obscom.intervozes.org.br\/index.php?rest_route=%2Fwp%2Fv2%2Fmedia&parent=27656"}],"wp:term":[{"taxonomy":"category","embeddable":true,"href":"https:\/\/obscom.intervozes.org.br\/index.php?rest_route=%2Fwp%2Fv2%2Fcategories&post=27656"},{"taxonomy":"post_tag","embeddable":true,"href":"https:\/\/obscom.intervozes.org.br\/index.php?rest_route=%2Fwp%2Fv2%2Ftags&post=27656"}],"curies":[{"name":"wp","href":"https:\/\/api.w.org\/{rel}","templated":true}]}}