{"id":27654,"date":"2014-02-06T11:10:26","date_gmt":"2014-02-06T11:10:26","guid":{"rendered":"https:\/\/obscom.intervozes.org.br\/wordpress\/?p=27654"},"modified":"2014-02-06T11:10:26","modified_gmt":"2014-02-06T11:10:26","slug":"sp-realiza-audiencia-sobre-lei-da-midia-democratica-e-seminario-internacional-sobre-concentracao","status":"publish","type":"post","link":"https:\/\/obscom.intervozes.org.br\/?p=27654","title":{"rendered":"SP realiza audi\u00eancia  sobre Lei da M\u00eddia Democr\u00e1tica e semin\u00e1rio internacional sobre concentra\u00e7\u00e3o"},"content":{"rendered":"<p><strong>Reda&ccedil;&atilde;o &#8211; Observat&oacute;rio do Direito &agrave; Comunica&ccedil;&atilde;o<\/strong><\/p>\n<p>Procuradoria Regional dos Direitos do Cidad&atilde;o (PRDC) e Intervozes, realizam no pr&oacute;ximo dia 21 de fevereiro audi&ecirc;ncia p&uacute;blica para obter dados, subs&iacute;dios, informa&ccedil;&otilde;es, sugest&otilde;es, cr&iacute;ticas ou propostas relativas ao projeto de iniciativa popular da Lei da Comunica&ccedil;&atilde;o Social Eletr&ocirc;nica. As informa&ccedil;&otilde;es colhidas durante a audi&ecirc;ncia p&uacute;blica ter&atilde;o car&aacute;ter consultivo e ser&atilde;o usadas para instruir o procedimento administrativo instaurado para acompanhar a quest&atilde;o.<\/p>\n<p>Ser&aacute; realizado tamb&eacute;m, no mesmo local, no per&iacute;odo da tarde, o Semin&aacute;rio Internacional Sobre Concentra&ccedil;&atilde;o nos Meios de Comunica&ccedil;&atilde;o.<\/p>\n<p>Mais informa&ccedil;&otilde;es: <a href=\"https:\/\/www.facebook.com\/events\/1462378817315378\/?ref_newsfeed_story_type=regular\">https:\/\/www.facebook.com\/events\/1462378817315378\/?ref_newsfeed_story_type=regular<\/a>  e <a href=\"http:\/\/www.prsp.mpf.mp.br\/prdc\/sala-de-imprensa\/noticias_prdc\/03-02-14-mpf-realiza-audiencia-publica-para-discutir-lei-da-comunicacao-social-eletronica\">http:\/\/www.prsp.mpf.mp.br\/prdc\/sala-de-imprensa\/noticias_prdc\/03-02-14-mpf-realiza-audiencia-publica-para-discutir-lei-da-comunicacao-social-eletronica<\/a> <\/p>\n","protected":false},"excerpt":{"rendered":"<p>Reda&ccedil;&atilde;o &#8211; Observat&oacute;rio do Direito &agrave; Comunica&ccedil;&atilde;o Procuradoria Regional dos Direitos do Cidad&atilde;o (PRDC) e Intervozes, realizam no pr&oacute;ximo dia 21 de fevereiro audi&ecirc;ncia p&uacute;blica para obter dados, subs&iacute;dios, informa&ccedil;&otilde;es, sugest&otilde;es, cr&iacute;ticas ou propostas relativas ao projeto de iniciativa popular da Lei da Comunica&ccedil;&atilde;o Social Eletr&ocirc;nica. As informa&ccedil;&otilde;es colhidas durante a audi&ecirc;ncia p&uacute;blica ter&atilde;o car&aacute;ter &hellip; <a href=\"https:\/\/obscom.intervozes.org.br\/?p=27654\" class=\"more-link\">Continue lendo <span class=\"screen-reader-text\">SP realiza audi\u00eancia  sobre Lei da M\u00eddia Democr\u00e1tica e semin\u00e1rio internacional sobre concentra\u00e7\u00e3o<\/span> <span class=\"meta-nav\">&rarr;<\/span><\/a><\/p>\n","protected":false},"author":1,"featured_media":0,"comment_status":"open","ping_status":"open","sticky":false,"template":"","format":"standard","meta":{"footnotes":""},"categories":[39],"tags":[],"_links":{"self":[{"href":"https:\/\/obscom.intervozes.org.br\/index.php?rest_route=\/wp\/v2\/posts\/27654"}],"collection":[{"href":"https:\/\/obscom.intervozes.org.br\/index.php?rest_route=\/wp\/v2\/posts"}],"about":[{"href":"https:\/\/obscom.intervozes.org.br\/index.php?rest_route=\/wp\/v2\/types\/post"}],"author":[{"embeddable":true,"href":"https:\/\/obscom.intervozes.org.br\/index.php?rest_route=\/wp\/v2\/users\/1"}],"replies":[{"embeddable":true,"href":"https:\/\/obscom.intervozes.org.br\/index.php?rest_route=%2Fwp%2Fv2%2Fcomments&post=27654"}],"version-history":[{"count":0,"href":"https:\/\/obscom.intervozes.org.br\/index.php?rest_route=\/wp\/v2\/posts\/27654\/revisions"}],"wp:attachment":[{"href":"https:\/\/obscom.intervozes.org.br\/index.php?rest_route=%2Fwp%2Fv2%2Fmedia&parent=27654"}],"wp:term":[{"taxonomy":"category","embeddable":true,"href":"https:\/\/obscom.intervozes.org.br\/index.php?rest_route=%2Fwp%2Fv2%2Fcategories&post=27654"},{"taxonomy":"post_tag","embeddable":true,"href":"https:\/\/obscom.intervozes.org.br\/index.php?rest_route=%2Fwp%2Fv2%2Ftags&post=27654"}],"curies":[{"name":"wp","href":"https:\/\/api.w.org\/{rel}","templated":true}]}}