{"id":27652,"date":"2014-02-05T09:06:30","date_gmt":"2014-02-05T09:06:30","guid":{"rendered":"https:\/\/obscom.intervozes.org.br\/wordpress\/?p=27652"},"modified":"2015-08-30T22:52:38","modified_gmt":"2015-08-30T22:52:38","slug":"uma-contribuicao-a-analise-das-midias-e-das-manifestacoes","status":"publish","type":"post","link":"https:\/\/obscom.intervozes.org.br\/?p=27652","title":{"rendered":"Uma contribui\u00e7\u00e3o \u00e0 an\u00e1lise das m\u00eddias e das manifesta\u00e7\u00f5es"},"content":{"rendered":"<p><strong>Por Daniel Fons\u00eaca*<\/strong><\/p>\n<p>Vivemos novamente um contexto de intensos debates nas m\u00eddias sociais, nas organiza\u00e7\u00f5es pol\u00edticas, nos espa\u00e7os p\u00fablicos. Se em 2013 o que moveu multid\u00f5es pelo Brasil foram, principalmente, as quest\u00f5es do direito \u00e0 cidade, da viol\u00eancia do Estado e da atua\u00e7\u00e3o da m\u00eddia \u2013 tudo azeitado com o aumento da tarifa dos transportes e com a realiza\u00e7\u00e3o da Copa das Confedera\u00e7\u00f5es \u2013, dessa fez \u00e9 o grande momento da realiza\u00e7\u00e3o do capital do espet\u00e1culo que se aproxima: a Copa do Mundo da Fifa 2014.<\/p>\n<p>Igualmente, quase repetindo o script, em v\u00e1rios munic\u00edpios, a exemplo do Rio de Janeiro, a prefeitura tem amea\u00e7ado (e j\u00e1 executado) o aumento das tarifas. O mundo virtual, fabuloso pela seara que estabelece, mas, muitas vezes, descolado da realidade, est\u00e1 em ebuli\u00e7\u00e3o. Em S\u00e3o Paulo, uma v\u00edtima quase fatal da a\u00e7\u00e3o do Estado policial e o fusca que pegou fogo depois de o motorista avan\u00e7ar numa barricada j\u00e1 apontaram que o ano come\u00e7ou de vez.<\/p>\n<p>Tal qual 2013, essa conjuntura que se desenha em 2014 s\u00f3 deve ser minimamente consolidada e, mais ainda, escrutinada no m\u00e9dio e longo prazos. Ainda \u00e9 dif\u00edcil analisar o que se passou entre junho e julho \u2013 no caso particular do Rio, at\u00e9 outubro\/novembro, pelo menos \u2013 em todo o pa\u00eds. N\u00e3o foram apenas os 20 centavos de Real, como quiseram apontar os governos municipais e estaduais; n\u00e3o se limitou \u00e0 &#8220;incompet\u00eancia&#8221; ou \u00e0 &#8220;corrup\u00e7\u00e3o&#8221; end\u00eamicas no Governo Federal, conforme acusou a m\u00eddia corporativa; menos ainda significou a a\u00e7\u00e3o de &#8220;v\u00e2ndalos&#8221;, &#8220;baderneiros&#8221; e &#8220;arruaceiros&#8221;, como qualificou o Governo Dilma. Os levantes que ocorreram naquele per\u00edodo, tendendo a ser reprisados neste ano da efem\u00e9ride dos 40 anos do Golpe Civil-militar no Brasil, reposicionaram os movimentos sociais urbanos, fazendo convergir diversas pautas, hist\u00f3ricas e urgentes, que se encontravam represadas, mas que nunca deixaram de estar nas ruas.<\/p>\n<p>Naquela intensa ocupa\u00e7\u00e3o das ruas brasileiras, existiram pelo menos tr\u00eas causas que merecem ser destacadas pelo fato de terem sido, talvez, as mais comuns em todos os protestos realizados:<\/p>\n<p>1) os transportes e a mobilidade urbana, que demonstram, a partir da contesta\u00e7\u00e3o do aumento das tarifas, o quanto a quest\u00e3o do direito \u00e0 cidade tem ganhado centralidade nas \u00faltimas d\u00e9cadas. Embora tenha focado o pre\u00e7o do acesso ao transporte coletivo, ficou claro para os manifestantes o grau de satura\u00e7\u00e3o dos servi\u00e7os urbanos oferecidos pelos poderes p\u00fablicos, situa\u00e7\u00e3o que potencialmente pode ter sido a disparadora final para a massiva ades\u00e3o \u00e0s manifesta\u00e7\u00f5es.<\/p>\n<p>2) a viol\u00eancia estatal que reprime, assassina ou \u201cdesaparece\u201d com as pessoas, o que ficou posto \u00e0s claras, mesmo depois de ter passado o m\u00eas de junho, com a viol\u00eancia praticada pelas pol\u00edcias militares contra os manifestantes, o assassinato de moradores da Mar\u00e9 e o caso do desaparecimento de Amarildo de Souza, morador da favela da Rocinha que nunca mais foi visto ap\u00f3s ter sido levado por uma viatura da Pol\u00edcia Militar (PM) do Rio de Janeiro.<\/p>\n<p>3) o descompasso e a pouca verossimilhan\u00e7a da representa\u00e7\u00e3o das manifesta\u00e7\u00f5es na m\u00eddia, que foi verificado in loco por praticamente todos os milh\u00f5es de participantes dos movimentos que agitaram o pa\u00eds naquelas semanas. Isso deu margem para que emissoras, jornais e revistas tamb\u00e9m fossem lembrados nos atos n\u00e3o somente como potenciais \u201cmanipuladores\u201d, mas tamb\u00e9m como uma pauta em si a partir da afirma\u00e7\u00e3o da democratiza\u00e7\u00e3o dos meios de comunica\u00e7\u00e3o e do direito \u00e0 comunica\u00e7\u00e3o.<\/p>\n<p>Na verdade, partindo da reivindica\u00e7\u00e3o do direito a um transporte coletivo acess\u00edvel, as mobiliza\u00e7\u00f5es das \u201cJornadas de Junho\u201d (de 2013), no Brasil, levaram centenas de milhares de pessoas \u00e0s ruas. Os manifestantes expressaram seu descontentamento com os lentos avan\u00e7os na \u00e1rea da sa\u00fade p\u00fablica e da educa\u00e7\u00e3o, chamando aten\u00e7\u00e3o para a corrup\u00e7\u00e3o e para os altos gastos com os megaeventos esportivos, reivindicando mais direitos e o fortalecimento da democracia no pa\u00eds.<\/p>\n<p>N\u00e3o uma democracia qualquer, em que as a\u00e7\u00f5es administrativas de governos s\u00f3 podem ser revisadas a partir da &#8220;arma do voto&#8221; a cada quatro anos para cada n\u00edvel do governo. Mais do que isso, importa entender a constitui\u00e7\u00e3o dos poderes como um processo. E verificar que o car\u00e1ter p\u00fablico dos meios de comunica\u00e7\u00e3o e as liberdades pol\u00edticas mais elementares (direitos de organiza\u00e7\u00e3o e de express\u00e3o) s\u00e3o basilares para o pr\u00f3prio conceito de democracia. No Brasil, esses princ\u00edpios t\u00eam sido historicamente violados.<\/p>\n<p>Para contribuir com o debate e com as formula\u00e7\u00f5es da sociedade civil em torno desta agenda, o Intervozes, com o apoio da funda\u00e7\u00e3o Friedrich Ebert (FES), produziu um artigo, intitulado &#8220;N\u00e3o d\u00e1 para n\u00e3o ver \u2013 As m\u00eddias nas manifesta\u00e7\u00f5es de junho de 2013&#8221;, publicado em dezembro passado. O texto busca historicizar e descrever as manifesta\u00e7\u00f5es que mobilizaram o pa\u00eds e investiga tamb\u00e9m a postura dos meios de comunica\u00e7\u00e3o tradicionais, que oscilaram no tratamento dos manifestantes, e da chamada \u201cm\u00eddia alternativa\u201d, que acompanhou os acontecimentos nas ruas ao vivo nas redes sociais virtuais. O artigo est\u00e1 dispon\u00edvel nas vers\u00f5es em <a href=\"http:\/\/library.fes.de\/pdf-files\/bueros\/brasilien\/10419.pdf\">portugu\u00eas<\/a> e em <a href=\"http:\/\/library.fes.de\/pdf-files\/bueros\/brasilien\/10423.pdf\">ingl\u00eas<\/a> .<\/p>\n<p><em>* Daniel Fons\u00eaca \u00e9 doutorando em Comunica\u00e7\u00e3o na UFRJ (Universidade Federal do Rio de Janeiro) e integra o Conselho Diretor do Intervozes.<\/em><\/p>\n<p><em>Texto originalmente publicado no Blog do Intervozes na Carta Capital.<\/em><\/p>\n","protected":false},"excerpt":{"rendered":"<p>2013 mostrou que o car&aacute;ter p&uacute;blico dos meios de comunica&ccedil;&atilde;o e as liberdades de organiza&ccedil;&atilde;o e manifesta&ccedil;&atilde;o s&atilde;o basilares na democracia. O script se repetir&aacute;? <\/p>\n","protected":false},"author":1,"featured_media":0,"comment_status":"open","ping_status":"open","sticky":false,"template":"","format":"standard","meta":{"footnotes":""},"categories":[42],"tags":[1834],"_links":{"self":[{"href":"https:\/\/obscom.intervozes.org.br\/index.php?rest_route=\/wp\/v2\/posts\/27652"}],"collection":[{"href":"https:\/\/obscom.intervozes.org.br\/index.php?rest_route=\/wp\/v2\/posts"}],"about":[{"href":"https:\/\/obscom.intervozes.org.br\/index.php?rest_route=\/wp\/v2\/types\/post"}],"author":[{"embeddable":true,"href":"https:\/\/obscom.intervozes.org.br\/index.php?rest_route=\/wp\/v2\/users\/1"}],"replies":[{"embeddable":true,"href":"https:\/\/obscom.intervozes.org.br\/index.php?rest_route=%2Fwp%2Fv2%2Fcomments&post=27652"}],"version-history":[{"count":1,"href":"https:\/\/obscom.intervozes.org.br\/index.php?rest_route=\/wp\/v2\/posts\/27652\/revisions"}],"predecessor-version":[{"id":29242,"href":"https:\/\/obscom.intervozes.org.br\/index.php?rest_route=\/wp\/v2\/posts\/27652\/revisions\/29242"}],"wp:attachment":[{"href":"https:\/\/obscom.intervozes.org.br\/index.php?rest_route=%2Fwp%2Fv2%2Fmedia&parent=27652"}],"wp:term":[{"taxonomy":"category","embeddable":true,"href":"https:\/\/obscom.intervozes.org.br\/index.php?rest_route=%2Fwp%2Fv2%2Fcategories&post=27652"},{"taxonomy":"post_tag","embeddable":true,"href":"https:\/\/obscom.intervozes.org.br\/index.php?rest_route=%2Fwp%2Fv2%2Ftags&post=27652"}],"curies":[{"name":"wp","href":"https:\/\/api.w.org\/{rel}","templated":true}]}}