{"id":27649,"date":"2014-01-29T11:46:12","date_gmt":"2014-01-29T11:46:12","guid":{"rendered":"https:\/\/obscom.intervozes.org.br\/wordpress\/?p=27649"},"modified":"2014-01-29T11:46:12","modified_gmt":"2014-01-29T11:46:12","slug":"forum-de-midia-livre-discute-democratizacao-da-comunicacao","status":"publish","type":"post","link":"https:\/\/obscom.intervozes.org.br\/?p=27649","title":{"rendered":"F\u00f3rum de M\u00eddia Livre discute Democratiza\u00e7\u00e3o da Comunica\u00e7\u00e3o"},"content":{"rendered":"<p>O F&oacute;rum Mundial de M&iacute;dia Livre realizou nesta sexta-feira (24) uma s&eacute;rie de rodas de conversa com representantes de movimentos sociais da &aacute;rea de Comunica&ccedil;&atilde;o. O evento &eacute; parte do F&oacute;rum Social Tem&aacute;tico 2014 (FST 2014) e visa articular a&ccedil;&otilde;es efetivas para a democratiza&ccedil;&atilde;o da comunica&ccedil;&atilde;o no Pa&iacute;s.<br \/>&nbsp;<\/p>\n<p><strong>Monop&oacute;lio midi&aacute;tico dificulta exerc&iacute;cio da Democracia<\/strong><\/p>\n<p>Rosane Bertotti, Secret&aacute;ria Nacional de Comunica&ccedil;&atilde;o da CUT e coordenadora do F&oacute;rum Nacional pela Democratiza&ccedil;&atilde;o da Comunica&ccedil;&atilde;o (FNDC), afirma n&atilde;o haver Democracia real enquanto houver monop&oacute;lio de m&iacute;dia. A concentra&ccedil;&atilde;o dos meios impede a pluralidade de opini&otilde;es, a emancipa&ccedil;&atilde;o social, serve de instrumento a setores conservadores e distorce projetos pol&iacute;ticos.<\/p>\n<p>Para a dirigente, n&atilde;o h&aacute; d&uacute;vidas de que a liberdade de express&atilde;o deve ser garantida. Mas &eacute; preciso cuidado, pois ela &eacute; tamb&eacute;m utilizada como justificativa de criminaliza&ccedil;&atilde;o de movimentos sociais e vozes dissonantes. &ldquo;Ao mesmo tempo em que a liberdade de express&atilde;o &eacute; santificada, ela &eacute; usada para cercear. Lembrando que s&atilde;o basicamente duas formas de atingir vozes contr&aacute;rias: ou eu criminalizo ou ignoro. A forma mais pr&aacute;tica de cercear &eacute; simplesmente n&atilde;o dar visibilidade, mas a criminaliza&ccedil;&atilde;o tamb&eacute;m &eacute; forte.&rdquo;, lembra. &ldquo;&Eacute; preciso perceber as nuances do debate. Qual conceito de liberdade de express&atilde;o estamos adotando? O que &eacute; utilizado para cercear ou o que amplia direitos populares?&rdquo;, questiona Bertotti.<br \/>&nbsp;<\/p>\n<p><strong>Plen&aacute;ria nacional da Campanha &ldquo;Para Expressar a Liberdade&rdquo;<\/strong><\/p>\n<p>No dia 7 de fevereiro, a partir das 15h, na sede do Sindicato dos Jornalistas em S&atilde;o Paulo, o FNDC realizar&aacute; sua primeira plen&aacute;ria nacional de 2014.<\/p>\n<p>&ldquo;A plen&aacute;ria &eacute; importante para discutir projetos que desmontem a l&oacute;gica concentradora da comunica&ccedil;&atilde;o atual. &Eacute; importante, tamb&eacute;m, para estabelecermos uma estrat&eacute;gia de lutas para 2014&rdquo;, afirma a dirigente cutista. Entre as prioridades dos movimentos sociais&nbsp; do setor, est&aacute; o recolhimento de assinaturas para o Projeto de Lei de Iniciativa Popular da M&iacute;dia Democr&aacute;tica (PLIP). &ldquo;N&oacute;s precisamos recolher 1 milh&atilde;o e 300 mil assinaturas. Hoje, n&atilde;o temos 100 mil.&rdquo;, destaca a dirigente, reafirmando a necessidade de articula&ccedil;&atilde;o para garantir que o projeto seja votado.<\/p>\n<p>Para Bia Barbosa, jornalista e ativista do Coletivo Intervozes, &eacute; importante conciliar os debates sobre Democratiza&ccedil;&atilde;o da Comunica&ccedil;&atilde;o e sobre reforma pol&iacute;tica, j&aacute; que ambos s&atilde;o intimamente ligados. &ldquo;Uma quest&atilde;o interessante de abordar, principalmente pela proximidade do per&iacute;odo eleitoral, &eacute; a dos pol&iacute;ticos donos de m&iacute;dia. Um dos artigos do PLIP &eacute; o que pro&iacute;be expressamente a concentra&ccedil;&atilde;o de meios em m&atilde;os de detentores de mandato eletivo&rdquo;, destaca Bia. <br \/>&nbsp;<\/p>\n<p><strong>Comunica&ccedil;&atilde;o p&uacute;blica<\/strong><\/p>\n<p>Segundo a constitui&ccedil;&atilde;o Brasileira, o sistema de Comunica&ccedil;&atilde;o do Pa&iacute;s precisa estar articulado em tr&ecirc;s vertentes: p&uacute;blica, privada e estatal. Para ser p&uacute;blico &eacute; preciso ser aut&ocirc;nomo do Estado, do sistema financeiro e do sistema pol&iacute;tico.<\/p>\n<p>A Empresa Brasil de Comunica&ccedil;&atilde;o (EBC), segundo Rosane Bertotti, que tamb&eacute;m &eacute; Conselheira da entidade, foi concebida para ser p&uacute;blica mas tem forte depend&ecirc;ncia do Estado. &ldquo;Hoje, como est&aacute;, se o Minist&eacute;rio do Planejamento decidir n&atilde;o incluir verbas para a EBC no or&ccedil;amento, ele n&atilde;o inclui. Porque n&atilde;o &eacute; uma pol&iacute;tica de Estado, &eacute; uma pol&iacute;tica de governo. Isso &eacute; inadmiss&iacute;vel. &Eacute; preciso garantir autonomia se quisermos realmente construir uma Comunica&ccedil;&atilde;o p&uacute;blica e de qualidade no Brasil&rdquo;.<\/p>\n<p>Bia Barbosa complementa lembrando que &ldquo;n&atilde;o podemos agir como se j&aacute; tiv&eacute;ssemos a estrutura e as pol&iacute;ticas de Comunica&ccedil;&atilde;o garantidas. Temos que ter consci&ecirc;ncia de que mesmo as conquistas que tivemos at&eacute; aqui ainda est&atilde;o em risco&rdquo;.<\/p>\n<p>Mas, para Rosane Bertotti, a EBC tem desafios ainda mais b&aacute;sicos do que os pol&iacute;ticos. Como, por exemplo, ter abrang&ecirc;ncia nacional. &ldquo;Sua TV [TV Brasil] precisa chegar aos lares brasileiros, precisa ser acess&iacute;vel. &Eacute; claro que a audi&ecirc;ncia atual &eacute; baixa. Mesmo em grandes centros h&aacute; dificuldade de sintoniza&ccedil;&atilde;o e acesso, imagine no campo, em pequenas cidades, ou em territ&oacute;rios ind&iacute;genas.&rdquo;, lembra a sindicalista.<br \/>&nbsp;<\/p>\n<p><strong>R&aacute;dios Comunit&aacute;rias<\/strong><\/p>\n<p>&ldquo;A luta pela radiodifus&atilde;o e o direito &agrave; Comunica&ccedil;&atilde;o &eacute; fundamental para o estabelecimento da Democracia no Brasil&rdquo;, destaca Jerry de Oliveira, do Movimento Nacional de R&aacute;dios Comunit&aacute;rias (MNRC). O ativista se refere &agrave; ocupa&ccedil;&atilde;o do espectro de m&iacute;dia pelos movimentos sociais e comunidade.&nbsp; <\/p>\n<p>&ldquo;Para os movimentos de r&aacute;dio comunit&aacute;ria, a quest&atilde;o do espectro vai ser um grande motivo de luta de classes. Talvez at&eacute; violenta&rdquo;, afirma o ativista. &ldquo;Muitos dizem ser melhor ir para&nbsp; a internet, porque &eacute; livre. &Eacute; de se duvidar essa liberdade, mas mesmo que fosse, a quest&atilde;o &eacute; outra. &Eacute; ocupar um espa&ccedil;o que &eacute; da sociedade. Precisamos encampar a luta pelo Projeto de Lei de Iniciativa Popular da M&iacute;dia Democr&aacute;tica&rdquo;. Para ele, r&aacute;dio comunit&aacute;ria deve ser independente do Estado e do poder financeiro.<br \/>&nbsp;<br \/>R&aacute;dio Comunit&aacute;ria n&atilde;o &eacute; quest&atilde;o de licen&ccedil;a, mas uma concep&ccedil;&atilde;o de Comunica&ccedil;&atilde;o para uso coletivo e popular. &ldquo;R&aacute;dio comunit&aacute;ria n&atilde;o &eacute; um papel. Tem um conceito mais amplo, de uso comum do povo. E ela precisa ser cultural, participativa, laica e organizativa. Sen&atilde;o reproduz a mesma l&oacute;gica de valores que j&aacute; est&atilde;o a&iacute;&rdquo;, reafirma.<br \/>&nbsp;<\/p>\n<p><strong>Persegui&ccedil;&atilde;o &agrave;s r&aacute;dios comunit&aacute;rias<\/strong><\/p>\n<p>Segundo Jerry, o MNRC solicitou &agrave; ANATEL dados sobre emissoras fechadas no Pa&iacute;s. Nos &uacute;ltimos 7 anos, cerca de 11 mil r&aacute;dios tiveram suas atividades encerradas pela Ag&ecirc;ncia. &ldquo;Talvez tenhamos perdido nossa maior chance de revolu&ccedil;&atilde;o na Comunica&ccedil;&atilde;o. E isso fizeram ao mesmo tempo em que se defende o artigo constitucional que impediria o monop&oacute;lio da Comunica&ccedil;&atilde;o&rdquo;.<\/p>\n<p>Para o ativista, o Estado utiliza duas formas de reprimir o movimento: o primeiro &eacute;&nbsp; p&ocirc;r em pr&aacute;tica um artigo da &eacute;poca da ditadura que tipifica como crime a possess&atilde;o de r&aacute;dio sem outorga. A outra &eacute; a criminaliza&ccedil;&atilde;o dos manifestantes. Jerry foi condenado recentemente por intervir no fechamento de uma emissora comunit&aacute;ria na regi&atilde;o de Campinas (SP). &ldquo;E para quem pensa que r&aacute;dio comunit&aacute;ria &eacute; m&iacute;dia livre, n&atilde;o &eacute;. A Anatel fiscaliza querendo que se cumpra as determina&ccedil;&otilde;es espec&iacute;ficas deles. N&atilde;o h&aacute; liberdade&rdquo;. <\/p>\n","protected":false},"excerpt":{"rendered":"<p>Movimentos chamam plen&aacute;ria em fevereiro para organizar estrat&eacute;gia de lutas para o ano. Coleta de assinaturas para o Projeto de Lei de M&iacute;dia Democr&aacute;tica &eacute; destaque<\/p>\n","protected":false},"author":1,"featured_media":0,"comment_status":"open","ping_status":"open","sticky":false,"template":"","format":"standard","meta":{"footnotes":""},"categories":[40],"tags":[1788],"_links":{"self":[{"href":"https:\/\/obscom.intervozes.org.br\/index.php?rest_route=\/wp\/v2\/posts\/27649"}],"collection":[{"href":"https:\/\/obscom.intervozes.org.br\/index.php?rest_route=\/wp\/v2\/posts"}],"about":[{"href":"https:\/\/obscom.intervozes.org.br\/index.php?rest_route=\/wp\/v2\/types\/post"}],"author":[{"embeddable":true,"href":"https:\/\/obscom.intervozes.org.br\/index.php?rest_route=\/wp\/v2\/users\/1"}],"replies":[{"embeddable":true,"href":"https:\/\/obscom.intervozes.org.br\/index.php?rest_route=%2Fwp%2Fv2%2Fcomments&post=27649"}],"version-history":[{"count":0,"href":"https:\/\/obscom.intervozes.org.br\/index.php?rest_route=\/wp\/v2\/posts\/27649\/revisions"}],"wp:attachment":[{"href":"https:\/\/obscom.intervozes.org.br\/index.php?rest_route=%2Fwp%2Fv2%2Fmedia&parent=27649"}],"wp:term":[{"taxonomy":"category","embeddable":true,"href":"https:\/\/obscom.intervozes.org.br\/index.php?rest_route=%2Fwp%2Fv2%2Fcategories&post=27649"},{"taxonomy":"post_tag","embeddable":true,"href":"https:\/\/obscom.intervozes.org.br\/index.php?rest_route=%2Fwp%2Fv2%2Ftags&post=27649"}],"curies":[{"name":"wp","href":"https:\/\/api.w.org\/{rel}","templated":true}]}}