{"id":27648,"date":"2014-01-28T18:14:29","date_gmt":"2014-01-28T18:14:29","guid":{"rendered":"https:\/\/obscom.intervozes.org.br\/wordpress\/?p=27648"},"modified":"2014-09-07T03:03:25","modified_gmt":"2014-09-07T03:03:25","slug":"denuncia-aponta-criminalizacao-de-radio-comunitaria-no-interior-de-sao-paulo","status":"publish","type":"post","link":"https:\/\/obscom.intervozes.org.br\/?p=27648","title":{"rendered":"Den\u00fancia aponta criminaliza\u00e7\u00e3o de r\u00e1dio comunit\u00e1ria no interior de S\u00e3o Paulo"},"content":{"rendered":"<p>O Movimento Nacional de R&aacute;dios Comunit&aacute;rias (MNRC) denuncia que a Ag&ecirc;ncia Nacional de Telecomunica&ccedil;&otilde;es (Anatel) teria cometido uma s&eacute;rie de irregularidades no fechamento de uma r&aacute;dio comunit&aacute;ria em Capivari, no dia 23 de janeiro. Entre os problemas apontados na a&ccedil;&atilde;o, afirma-se que um radialista que j&aacute; responde a outros dois processos teria sido apontado de forma equivocada como respons&aacute;vel pela emissora, fazendo recair sobre ele mais uma a&ccedil;&atilde;o judicial.<\/p>\n<p>Para um dos coordenadores do MNRC, Jerry de Oliveira, o caso expressa uma tentativa de criminaliza&ccedil;&atilde;o de um radialista. Al&eacute;m disso, aponta uma s&eacute;rie de problemas nos procedimentos adotados. Segundo seu relato, os agentes da Anatel teriam abordado um coordenador da emissora fora das instala&ccedil;&otilde;es da r&aacute;dio e o coagido a se dirigir ao local, sem mandado. A coa&ccedil;&atilde;o teria se dado com a apresenta&ccedil;&atilde;o da identifica&ccedil;&atilde;o de agentes federais induzindo a compreens&atilde;o equivocada de que se tratava da pol&iacute;cia federal.<\/p>\n<p>Segundo Oliveira, faz 15 anos que n&atilde;o s&atilde;o publicados os aviso de habilita&ccedil;&atilde;o para r&aacute;dios comunit&aacute;rias no munic&iacute;pio de Capivari, apesar de haver muito espa&ccedil;o no espectro. Tal situa&ccedil;&atilde;o obrigaria os comunicadores populares a se calarem ou operarem sem autoriza&ccedil;&atilde;o. O interesse privado de duas r&aacute;dios, afirma o coordenador do MNRC, estaria pesando tamb&eacute;m como obst&aacute;culo para o desenvolvimento da comunica&ccedil;&atilde;o comunit&aacute;ria local.<\/p>\n<p>De acordo com a Anatel, &quot;a a&ccedil;&atilde;o dos fiscais&nbsp; est&aacute; de acordo com a legisla&ccedil;&atilde;o. A emissora denominada Monte Sinai n&atilde;o possui outorga e operava clandestinamente da faixa de 102,5MHz. No endere&ccedil;o fiscalizado, os fiscais encontraram o est&uacute;dio da emissora. Al&eacute;m disso, o transmissor de link n&atilde;o possui certifica&ccedil;&atilde;o da Anatel. O servi&ccedil;o foi interrompido e os equipamentos apreendidos devido ao uso n&atilde;o autorizado da radiofrequ&ecirc;ncia. O Auto de infra&ccedil;&atilde;o foi lavrado em nome da Associa&ccedil;&atilde;o Cultural Monte Sinai, respons&aacute;vel pela r&aacute;dio. Durante a a&ccedil;&atilde;o, o filho do presidente da Associa&ccedil;&atilde;o encontrava-se no est&uacute;dio e negou fornecer o endere&ccedil;o da esta&ccedil;&atilde;o principal&quot;.<\/p>\n<p><strong>Antecedentes<\/strong><\/p>\n<p>O munic&iacute;pio de Capivari fica a cerca de 60 km de Campinas (SP). O ex-prefeito Luis Donisete Campaci, em <a href=\"http:\/\/www.youtube.com\/watch?v=vXqxbemX6hw\">um v&iacute;deo dispon&iacute;vel na internet<\/a> , revelou a influ&ecirc;ncia que o vice-presidente da Rep&uacute;blica, Michel Temer (PMDB), exerceu para facilitar a libera&ccedil;&atilde;o de uma outorga para uma r&aacute;dio &ldquo;comunit&aacute;ria&rdquo; da regi&atilde;o, o que pode dar uma ideia de como as for&ccedil;as pol&iacute;ticas locais se apropriam dos instrumentos do Estado brasileiro e das pol&iacute;ticas de comunica&ccedil;&atilde;o.<\/p>\n<p>Viola&ccedil;&otilde;es ao direito humano a comunica&ccedil;&atilde;o como as apontadas nessa mat&eacute;ria <a href=\"http:\/\/localhost\/intervozes_direitoacomunicacao\/wordpress\/?p=27401\">foram objeto de den&uacute;ncia <\/a> pela organiza&ccedil;&atilde;o Artigo 19 e a Associa&ccedil;&atilde;o Mundial de R&aacute;dios Comunit&aacute;rias (Amarc Brasil) em mar&ccedil;o de 2013, em uma audi&ecirc;nca com a Organiza&ccedil;&atilde;o dos Estados Americanos (OEA). <\/p>\n","protected":false},"excerpt":{"rendered":"<p>A&ccedil;&atilde;o da Anatel em Capivari teria, segundo representante do MNRC, sido realizada com uma s&eacute;rie de irregularidades. Ag&ecirc;ncia afirma que conduta est&aacute; dentro da norma.<\/p>\n","protected":false},"author":1,"featured_media":0,"comment_status":"open","ping_status":"open","sticky":false,"template":"","format":"standard","meta":{"footnotes":""},"categories":[40],"tags":[1560],"_links":{"self":[{"href":"https:\/\/obscom.intervozes.org.br\/index.php?rest_route=\/wp\/v2\/posts\/27648"}],"collection":[{"href":"https:\/\/obscom.intervozes.org.br\/index.php?rest_route=\/wp\/v2\/posts"}],"about":[{"href":"https:\/\/obscom.intervozes.org.br\/index.php?rest_route=\/wp\/v2\/types\/post"}],"author":[{"embeddable":true,"href":"https:\/\/obscom.intervozes.org.br\/index.php?rest_route=\/wp\/v2\/users\/1"}],"replies":[{"embeddable":true,"href":"https:\/\/obscom.intervozes.org.br\/index.php?rest_route=%2Fwp%2Fv2%2Fcomments&post=27648"}],"version-history":[{"count":1,"href":"https:\/\/obscom.intervozes.org.br\/index.php?rest_route=\/wp\/v2\/posts\/27648\/revisions"}],"predecessor-version":[{"id":28339,"href":"https:\/\/obscom.intervozes.org.br\/index.php?rest_route=\/wp\/v2\/posts\/27648\/revisions\/28339"}],"wp:attachment":[{"href":"https:\/\/obscom.intervozes.org.br\/index.php?rest_route=%2Fwp%2Fv2%2Fmedia&parent=27648"}],"wp:term":[{"taxonomy":"category","embeddable":true,"href":"https:\/\/obscom.intervozes.org.br\/index.php?rest_route=%2Fwp%2Fv2%2Fcategories&post=27648"},{"taxonomy":"post_tag","embeddable":true,"href":"https:\/\/obscom.intervozes.org.br\/index.php?rest_route=%2Fwp%2Fv2%2Ftags&post=27648"}],"curies":[{"name":"wp","href":"https:\/\/api.w.org\/{rel}","templated":true}]}}