{"id":27646,"date":"2014-01-24T15:38:07","date_gmt":"2014-01-24T15:38:07","guid":{"rendered":"https:\/\/obscom.intervozes.org.br\/wordpress\/?p=27646"},"modified":"2014-01-24T15:38:07","modified_gmt":"2014-01-24T15:38:07","slug":"campanha-pela-lei-da-midia-democratica-tera-plenaria-em-sp","status":"publish","type":"post","link":"https:\/\/obscom.intervozes.org.br\/?p=27646","title":{"rendered":"Campanha pela Lei da M\u00eddia Democr\u00e1tica ter\u00e1 plen\u00e1ria em SP"},"content":{"rendered":"<p><strong>Reda&ccedil;&atilde;o &#8211; FNDC<\/p>\n<p><\/strong>No pr&oacute;ximo dia 7 de fevereiro, a Campanha &ldquo;Para Expressar a Liberdade &ndash; Uma nova lei para um novo tempo&rdquo; promove, em S&atilde;o Paulo, mais uma Plen&aacute;ria Nacional, com o objetivo de avaliar o andamento de suas a&ccedil;&otilde;es em 2013 e planejar o primeiro semestre de 2014. A atividade, aberta ao p&uacute;blico, acontecer&aacute; no Sindicato dos Jornalistas Profissionais de S&atilde;o Paulo, das 15 &agrave;s 19 horas.<\/p>\n<p>A campanha tem mobilizado ao redor do Brasil um conjunto de militantes em torno da coleta de assinaturas de apoio ao Projeto de Lei por uma M&iacute;dia Democr&aacute;tica. <\/p>\n<p>Contato para informa&ccedil;&otilde;es: Secretaria Executiva do FNDC &#8211; (61) 3224-8038, (61) 3223-3652 e secretaria@fndc.org.br&nbsp; <\/p>\n","protected":false},"excerpt":{"rendered":"<p>Reda&ccedil;&atilde;o &#8211; FNDC No pr&oacute;ximo dia 7 de fevereiro, a Campanha &ldquo;Para Expressar a Liberdade &ndash; Uma nova lei para um novo tempo&rdquo; promove, em S&atilde;o Paulo, mais uma Plen&aacute;ria Nacional, com o objetivo de avaliar o andamento de suas a&ccedil;&otilde;es em 2013 e planejar o primeiro semestre de 2014. A atividade, aberta ao p&uacute;blico, &hellip; <a href=\"https:\/\/obscom.intervozes.org.br\/?p=27646\" class=\"more-link\">Continue lendo <span class=\"screen-reader-text\">Campanha pela Lei da M\u00eddia Democr\u00e1tica ter\u00e1 plen\u00e1ria em SP<\/span> <span class=\"meta-nav\">&rarr;<\/span><\/a><\/p>\n","protected":false},"author":1,"featured_media":0,"comment_status":"open","ping_status":"open","sticky":false,"template":"","format":"standard","meta":{"footnotes":""},"categories":[39],"tags":[],"_links":{"self":[{"href":"https:\/\/obscom.intervozes.org.br\/index.php?rest_route=\/wp\/v2\/posts\/27646"}],"collection":[{"href":"https:\/\/obscom.intervozes.org.br\/index.php?rest_route=\/wp\/v2\/posts"}],"about":[{"href":"https:\/\/obscom.intervozes.org.br\/index.php?rest_route=\/wp\/v2\/types\/post"}],"author":[{"embeddable":true,"href":"https:\/\/obscom.intervozes.org.br\/index.php?rest_route=\/wp\/v2\/users\/1"}],"replies":[{"embeddable":true,"href":"https:\/\/obscom.intervozes.org.br\/index.php?rest_route=%2Fwp%2Fv2%2Fcomments&post=27646"}],"version-history":[{"count":0,"href":"https:\/\/obscom.intervozes.org.br\/index.php?rest_route=\/wp\/v2\/posts\/27646\/revisions"}],"wp:attachment":[{"href":"https:\/\/obscom.intervozes.org.br\/index.php?rest_route=%2Fwp%2Fv2%2Fmedia&parent=27646"}],"wp:term":[{"taxonomy":"category","embeddable":true,"href":"https:\/\/obscom.intervozes.org.br\/index.php?rest_route=%2Fwp%2Fv2%2Fcategories&post=27646"},{"taxonomy":"post_tag","embeddable":true,"href":"https:\/\/obscom.intervozes.org.br\/index.php?rest_route=%2Fwp%2Fv2%2Ftags&post=27646"}],"curies":[{"name":"wp","href":"https:\/\/api.w.org\/{rel}","templated":true}]}}