{"id":27643,"date":"2014-01-21T09:04:46","date_gmt":"2014-01-21T09:04:46","guid":{"rendered":"https:\/\/obscom.intervozes.org.br\/wordpress\/?p=27643"},"modified":"2014-01-21T09:04:46","modified_gmt":"2014-01-21T09:04:46","slug":"porto-alegre-sedia-seminario-internacional-do-forum-mundial-de-midia-livre","status":"publish","type":"post","link":"https:\/\/obscom.intervozes.org.br\/?p=27643","title":{"rendered":"Porto Alegre sedia semin\u00e1rio internacional do F\u00f3rum Mundial de M\u00eddia Livre"},"content":{"rendered":"<p>Reda&ccedil;&atilde;o &#8211; FMML<\/p>\n<p>Acontece, nos dias 24 e 25 de janeiro, como parte da programa&ccedil;&atilde;o do F&oacute;rum Social Tem&aacute;tico em Porto Alegre, mais uma etapa do processo internacional do F&oacute;rum Mundial de M&iacute;dia Livre. Desta vez, ativistas brasileiros e vindos de diversos pa&iacute;ses se reunir&atilde;o para discutir a elabora&ccedil;&atilde;o da Carta Mundial da M&iacute;dia Livre, al&eacute;m de debater temas como m&iacute;dia p&uacute;blica, marcos regulat&oacute;rios para uma m&iacute;dia democr&aacute;tica e a import&acirc;ncia da comunica&ccedil;&atilde;o nas mobiliza&ccedil;&otilde;es de junho de 2013 no Brasil.<\/p>\n<p>O evento em Porto Alegre tamb&eacute;m levantar&aacute; propostas para o IV F&oacute;rum Mundial de M&iacute;dia Livre, que deve acontecer na Tun&iacute;sia, em 2015. A programa&ccedil;&atilde;o completa do semin&aacute;rio j&aacute; se encontra dispon&iacute;vel em <a href=\"http:\/\/www.fmml.net\/spip.php?article93\">http:\/\/www.fmml.net\/spip.php?article93<\/a> . <\/p>\n","protected":false},"excerpt":{"rendered":"<p>Reda&ccedil;&atilde;o &#8211; FMML Acontece, nos dias 24 e 25 de janeiro, como parte da programa&ccedil;&atilde;o do F&oacute;rum Social Tem&aacute;tico em Porto Alegre, mais uma etapa do processo internacional do F&oacute;rum Mundial de M&iacute;dia Livre. Desta vez, ativistas brasileiros e vindos de diversos pa&iacute;ses se reunir&atilde;o para discutir a elabora&ccedil;&atilde;o da Carta Mundial da M&iacute;dia Livre, &hellip; <a href=\"https:\/\/obscom.intervozes.org.br\/?p=27643\" class=\"more-link\">Continue lendo <span class=\"screen-reader-text\">Porto Alegre sedia semin\u00e1rio internacional do F\u00f3rum Mundial de M\u00eddia Livre<\/span> <span class=\"meta-nav\">&rarr;<\/span><\/a><\/p>\n","protected":false},"author":1,"featured_media":0,"comment_status":"open","ping_status":"open","sticky":false,"template":"","format":"standard","meta":{"footnotes":""},"categories":[39],"tags":[],"_links":{"self":[{"href":"https:\/\/obscom.intervozes.org.br\/index.php?rest_route=\/wp\/v2\/posts\/27643"}],"collection":[{"href":"https:\/\/obscom.intervozes.org.br\/index.php?rest_route=\/wp\/v2\/posts"}],"about":[{"href":"https:\/\/obscom.intervozes.org.br\/index.php?rest_route=\/wp\/v2\/types\/post"}],"author":[{"embeddable":true,"href":"https:\/\/obscom.intervozes.org.br\/index.php?rest_route=\/wp\/v2\/users\/1"}],"replies":[{"embeddable":true,"href":"https:\/\/obscom.intervozes.org.br\/index.php?rest_route=%2Fwp%2Fv2%2Fcomments&post=27643"}],"version-history":[{"count":0,"href":"https:\/\/obscom.intervozes.org.br\/index.php?rest_route=\/wp\/v2\/posts\/27643\/revisions"}],"wp:attachment":[{"href":"https:\/\/obscom.intervozes.org.br\/index.php?rest_route=%2Fwp%2Fv2%2Fmedia&parent=27643"}],"wp:term":[{"taxonomy":"category","embeddable":true,"href":"https:\/\/obscom.intervozes.org.br\/index.php?rest_route=%2Fwp%2Fv2%2Fcategories&post=27643"},{"taxonomy":"post_tag","embeddable":true,"href":"https:\/\/obscom.intervozes.org.br\/index.php?rest_route=%2Fwp%2Fv2%2Ftags&post=27643"}],"curies":[{"name":"wp","href":"https:\/\/api.w.org\/{rel}","templated":true}]}}