{"id":27637,"date":"2014-01-06T12:15:04","date_gmt":"2014-01-06T12:15:04","guid":{"rendered":"https:\/\/obscom.intervozes.org.br\/wordpress\/?p=27637"},"modified":"2014-01-06T12:15:04","modified_gmt":"2014-01-06T12:15:04","slug":"anatel-abre-consulta-com-espaco-para-debate-sobre-modelo-de-telecomunicacoes","status":"publish","type":"post","link":"https:\/\/obscom.intervozes.org.br\/?p=27637","title":{"rendered":"Anatel abre consulta com espa\u00e7o para debate sobre modelo de telecomunica\u00e7\u00f5es"},"content":{"rendered":"<p><strong>Reda&ccedil;&atilde;o &#8211; Converg&ecirc;ncia digital<\/strong><\/p>\n<p>A Anatel abriu no dia 12 de dezembro a consulta que tem como objetivo culminar na revis&atilde;o dos contratos de concess&atilde;o da telefonia fixa. Trata-se de uma consulta p&uacute;blica na qual s&atilde;o feitas algumas perguntas, mas que abre um imenso campo para elocubra&ccedil;&otilde;es sobre o modelo de telecomunica&ccedil;&otilde;es em geral. Na pr&aacute;tica, &eacute; o in&iacute;cio de uma discuss&atilde;o &lsquo;oficial&rsquo; sobre a revis&atilde;o desse modelo.<\/p>\n<p>N&atilde;o se trata da tradicional consulta na qual a ag&ecirc;ncia prop&otilde;e um texto para um novo regulamento e o submete ao escrut&iacute;nio nacional. Chamada de &lsquo;Temas Relevantes Para Avalia&ccedil;&atilde;o do Ambiente Econ&ocirc;mico e Regulat&oacute;rio do Servi&ccedil;o Telef&ocirc;nico Fixo Comutado&rsquo;, &eacute; mais do que a expressa men&ccedil;&atilde;o &agrave; pr&oacute;xima revis&atilde;o dos contratos. <\/p>\n<p>A consulta p&uacute;blica dos &ldquo;Temas Relevantes&rdquo; &eacute; a de n&uacute;mero 53 e recebe contribui&ccedil;&otilde;es at&eacute; 31 de janeiro pr&oacute;ximo. O texto completo pode ser conferido na p&aacute;gina da Anatel na Internet (<a href=\"www.anatel.gov.br\">www.anatel.gov.br<\/a>).<\/p>\n","protected":false},"excerpt":{"rendered":"<p>Reda&ccedil;&atilde;o &#8211; Converg&ecirc;ncia digital A Anatel abriu no dia 12 de dezembro a consulta que tem como objetivo culminar na revis&atilde;o dos contratos de concess&atilde;o da telefonia fixa. Trata-se de uma consulta p&uacute;blica na qual s&atilde;o feitas algumas perguntas, mas que abre um imenso campo para elocubra&ccedil;&otilde;es sobre o modelo de telecomunica&ccedil;&otilde;es em geral. Na &hellip; <a href=\"https:\/\/obscom.intervozes.org.br\/?p=27637\" class=\"more-link\">Continue lendo <span class=\"screen-reader-text\">Anatel abre consulta com espa\u00e7o para debate sobre modelo de telecomunica\u00e7\u00f5es<\/span> <span class=\"meta-nav\">&rarr;<\/span><\/a><\/p>\n","protected":false},"author":1,"featured_media":0,"comment_status":"open","ping_status":"open","sticky":false,"template":"","format":"standard","meta":{"footnotes":""},"categories":[39],"tags":[],"_links":{"self":[{"href":"https:\/\/obscom.intervozes.org.br\/index.php?rest_route=\/wp\/v2\/posts\/27637"}],"collection":[{"href":"https:\/\/obscom.intervozes.org.br\/index.php?rest_route=\/wp\/v2\/posts"}],"about":[{"href":"https:\/\/obscom.intervozes.org.br\/index.php?rest_route=\/wp\/v2\/types\/post"}],"author":[{"embeddable":true,"href":"https:\/\/obscom.intervozes.org.br\/index.php?rest_route=\/wp\/v2\/users\/1"}],"replies":[{"embeddable":true,"href":"https:\/\/obscom.intervozes.org.br\/index.php?rest_route=%2Fwp%2Fv2%2Fcomments&post=27637"}],"version-history":[{"count":0,"href":"https:\/\/obscom.intervozes.org.br\/index.php?rest_route=\/wp\/v2\/posts\/27637\/revisions"}],"wp:attachment":[{"href":"https:\/\/obscom.intervozes.org.br\/index.php?rest_route=%2Fwp%2Fv2%2Fmedia&parent=27637"}],"wp:term":[{"taxonomy":"category","embeddable":true,"href":"https:\/\/obscom.intervozes.org.br\/index.php?rest_route=%2Fwp%2Fv2%2Fcategories&post=27637"},{"taxonomy":"post_tag","embeddable":true,"href":"https:\/\/obscom.intervozes.org.br\/index.php?rest_route=%2Fwp%2Fv2%2Ftags&post=27637"}],"curies":[{"name":"wp","href":"https:\/\/api.w.org\/{rel}","templated":true}]}}