{"id":27634,"date":"2013-12-24T13:03:28","date_gmt":"2013-12-24T13:03:28","guid":{"rendered":"https:\/\/obscom.intervozes.org.br\/wordpress\/?p=27634"},"modified":"2013-12-24T13:03:28","modified_gmt":"2013-12-24T13:03:28","slug":"forum-impulsiona-espaco-de-articulacao-da-comunicacao-publica","status":"publish","type":"post","link":"https:\/\/obscom.intervozes.org.br\/?p=27634","title":{"rendered":"F\u00f3rum impulsiona espa\u00e7o de articula\u00e7\u00e3o da comunica\u00e7\u00e3o p\u00fablica"},"content":{"rendered":"<p>Sociedade civil e poder p&uacute;blico se reuniram no dia 10 de dezembro para mais uma etapa da prepara&ccedil;&atilde;o do &ldquo;I F&oacute;rum de Comunica&ccedil;&atilde;o P&uacute;blica&rdquo;. A proposta tem por objetivo estabelecer um espa&ccedil;o permanente de encontro, reflex&atilde;o e defini&ccedil;&atilde;o de estrat&eacute;gias para o campo p&uacute;blico da comunica&ccedil;&atilde;o. O evento, previsto para acontecer no primeiro semestre de 2014, deve articular organiza&ccedil;&otilde;es do setor para incidir sobre defini&ccedil;&atilde;o e implementa&ccedil;&atilde;o de pol&iacute;ticas p&uacute;blicas, da regula&ccedil;&atilde;o e da consolida&ccedil;&atilde;o dos sistemas n&atilde;o-comerciais de comunica&ccedil;&atilde;o no Brasil.<\/p>\n<p>O I F&oacute;rum de Comunica&ccedil;&atilde;o P&uacute;blica ter&aacute; tr&ecirc;s dias de discuss&otilde;es com pain&eacute;is e grupos de trabalho. Entre os temas previstos para debate est&atilde;o a digitaliza&ccedil;&atilde;o da radiodifus&atilde;o, a cria&ccedil;&atilde;o de operadores de rede para as r&aacute;dios e TVs p&uacute;blicas, a experi&ecirc;ncia de participa&ccedil;&atilde;o nos conselhos, o financiamento e a gest&atilde;o das emissoras, a regula&ccedil;&atilde;o e a regulamenta&ccedil;&atilde;o do setor, al&eacute;m de quest&otilde;es referentes aos conte&uacute;dos veiculados, &agrave; infra-estrutura utilizada e &agrave; pol&iacute;tica do governo federal voltada para o campo ou que nele repercutem.<\/p>\n<p>Os aspectos relacionados com as mudan&ccedil;as sociais e com as novas tecnologias tamb&eacute;m ter&atilde;o destaque. De acordo com Bia Barbosa, coordenadora do Intervozes, uma das entidades que participam da constru&ccedil;&atilde;o do evento, &ldquo;o F&oacute;rum deve discutir o papel das novas m&iacute;dias e das redes sociais na rela&ccedil;&atilde;o com o campo p&uacute;blico, a import&acirc;ncia da internet enquanto meio e a converg&ecirc;ncia de linguagens&rdquo;.&nbsp; Al&eacute;m disso, ser&aacute; tratada tamb&eacute;m a situa&ccedil;&atilde;o dos trabalhadores das emissoras do campo p&uacute;blico, como a Empresa Brasil de Comunica&ccedil;&atilde;o (EBC), cujos funcion&aacute;rios realizaram uma greve nacional em 2013 que conseguiu importantes vit&oacute;rias.<\/p>\n<p>O tratamento da comunica&ccedil;&atilde;o p&uacute;blica de uma forma abrangente e a defini&ccedil;&atilde;o de seu lugar de forma n&iacute;tida dentro do sistema de comunica&ccedil;&atilde;o tem sido um caminho que vem se consolidando nos &uacute;ltimos tempos no Brasil. Segundo Ta&iacute;s Ladeira, do conselho pol&iacute;tico da Associa&ccedil;&atilde;o Mundial de R&aacute;dios Comunit&aacute;rias (Amarc), o F&oacute;rum deve ser &ldquo;um espa&ccedil;o importante porque at&eacute; ent&atilde;o, nos &uacute;ltimos cinco anos, as discuss&otilde;es sobre televis&atilde;o e r&aacute;dio aconteceram em separado&rdquo;. Ela acrescenta que &eacute; percept&iacute;vel na proposta do F&oacute;rum o &ldquo;fortalecimento desse entendimento de que a comunica&ccedil;&atilde;o p&uacute;blica vai al&eacute;m das m&iacute;dias tradicionais&quot;.<\/p>\n<p>A articula&ccedil;&atilde;o do I F&oacute;rum, de acordo com os seus organizadores, deve servir tamb&eacute;m para dialogar com candidatos e parlamentares no ano eleitoral de 2014 para que se comprometam com a agenda da comunica&ccedil;&atilde;o p&uacute;blica.<\/p>\n<p>A ideia da realiza&ccedil;&atilde;o de um f&oacute;rum nacional do campo p&uacute;blico da comunica&ccedil;&atilde;o havia sido apresentada durante o Semin&aacute;rio Internacional Regula&ccedil;&atilde;o da Comunica&ccedil;&atilde;o P&uacute;blica, ocorrido em mar&ccedil;o de 2012, em Bras&iacute;lia, e tem como refer&ecirc;ncia os F&oacute;runs de TV e R&aacute;dio P&uacute;blicas, realizados em 2006 e 2007. Quase sete anos depois, a sociedade far&aacute; uma avalia&ccedil;&atilde;o sobre a realiza&ccedil;&atilde;o dos objetivos contidos na <a href=\"http:\/\/www.cartamaior.com.br\/?\/Editoria\/Direitos-Humanos\/Leia-na-integra-a-Carta-de-Brasilia\/5\/13076\">&ldquo;Carta de Bras&iacute;lia&rdquo;<\/a> , um manifesto em defesa da TV p&uacute;blica independente e democr&aacute;tica. O evento deve reunir em um mesmo espa&ccedil;o TVs e r&aacute;dios p&uacute;blicas, legislativas, universit&aacute;rias e comunit&aacute;rias, al&eacute;m de organiza&ccedil;&otilde;es que atuam em defesa da comunica&ccedil;&atilde;o p&uacute;blica no Brasil.<\/p>\n<p>Promovida pela Frente Parlamentar pela Liberdade de Express&atilde;o e o Direito &agrave; Comunica&ccedil;&atilde;o com Participa&ccedil;&atilde;o Popular (Frentecom), a reuni&atilde;o do dia 10 contou com a participa&ccedil;&atilde;o da Associa&ccedil;&atilde;o de R&aacute;dios P&uacute;blicas do Brasil (Arpub), a Amarc, o F&oacute;rum Nacional pela Democratiza&ccedil;&atilde;o da Comunica&ccedil;&atilde;o (FNDC), a Federa&ccedil;&atilde;o Interestadual dos Trabalhadores em Empresas de Radiodifus&atilde;o e Televis&atilde;o (Fitert), o Intervozes, a Frente Nacional pela Valoriza&ccedil;&atilde;o das TVs Comunit&aacute;rias do Campo P&uacute;blico (Frenavatec), o Minist&eacute;rio das Comunica&ccedil;&otilde;es, a EBC e seu Conselho Curador, a Associa&ccedil;&atilde;o Brasileira de Televis&otilde;es e R&aacute;dios Legislativas (Astral) e a representa&ccedil;&atilde;o dos setores de comunica&ccedil;&atilde;o da C&acirc;mara dos Deputados e do Senado Federal.<\/p>\n","protected":false},"excerpt":{"rendered":"<p>A realiza&ccedil;&atilde;o do I F&oacute;rum de Comunica&ccedil;&atilde;o P&uacute;blica em 2014 deve impulsionar uma din&acirc;mica no setor de debates e trabalhos que compreendam os v&aacute;rios setores da comunica&ccedil;&atilde;o p&uacute;blica como partes de um todo.<\/p>\n","protected":false},"author":1,"featured_media":0,"comment_status":"open","ping_status":"open","sticky":false,"template":"","format":"standard","meta":{"footnotes":""},"categories":[40],"tags":[163],"_links":{"self":[{"href":"https:\/\/obscom.intervozes.org.br\/index.php?rest_route=\/wp\/v2\/posts\/27634"}],"collection":[{"href":"https:\/\/obscom.intervozes.org.br\/index.php?rest_route=\/wp\/v2\/posts"}],"about":[{"href":"https:\/\/obscom.intervozes.org.br\/index.php?rest_route=\/wp\/v2\/types\/post"}],"author":[{"embeddable":true,"href":"https:\/\/obscom.intervozes.org.br\/index.php?rest_route=\/wp\/v2\/users\/1"}],"replies":[{"embeddable":true,"href":"https:\/\/obscom.intervozes.org.br\/index.php?rest_route=%2Fwp%2Fv2%2Fcomments&post=27634"}],"version-history":[{"count":0,"href":"https:\/\/obscom.intervozes.org.br\/index.php?rest_route=\/wp\/v2\/posts\/27634\/revisions"}],"wp:attachment":[{"href":"https:\/\/obscom.intervozes.org.br\/index.php?rest_route=%2Fwp%2Fv2%2Fmedia&parent=27634"}],"wp:term":[{"taxonomy":"category","embeddable":true,"href":"https:\/\/obscom.intervozes.org.br\/index.php?rest_route=%2Fwp%2Fv2%2Fcategories&post=27634"},{"taxonomy":"post_tag","embeddable":true,"href":"https:\/\/obscom.intervozes.org.br\/index.php?rest_route=%2Fwp%2Fv2%2Ftags&post=27634"}],"curies":[{"name":"wp","href":"https:\/\/api.w.org\/{rel}","templated":true}]}}