{"id":27632,"date":"2013-12-19T17:06:28","date_gmt":"2013-12-19T17:06:28","guid":{"rendered":"https:\/\/obscom.intervozes.org.br\/wordpress\/?p=27632"},"modified":"2013-12-19T17:06:28","modified_gmt":"2013-12-19T17:06:28","slug":"ministerio-das-comunicacoes-abre-consulta-publica-sobre-implantacao-da-tv-digital","status":"publish","type":"post","link":"https:\/\/obscom.intervozes.org.br\/?p=27632","title":{"rendered":"Minist\u00e9rio das Comunica\u00e7\u00f5es abre consulta p\u00fablica sobre implanta\u00e7\u00e3o da TV digital"},"content":{"rendered":"<p><strong>Reda&ccedil;&atilde;o &#8211; Minist&eacute;rio das Comunica&ccedil;&otilde;es<\/strong><\/p>\n<p>O Minist&eacute;rio das Comunica&ccedil;&otilde;es publicou hoje no Di&aacute;rio Oficial portaria que divulga consulta p&uacute;blica para coletar coment&aacute;rios e sugest&otilde;es da sociedade sobre a implanta&ccedil;&atilde;o da televis&atilde;o digital. Essas contribui&ccedil;&otilde;es do p&uacute;blico ser&atilde;o submetidas &agrave; proposta de ato normativo que regulamenta os servi&ccedil;os de transmiss&atilde;o e retransmiss&atilde;o de TV com a tecnologia digital.<\/p>\n<p>O objetivo da portaria &eacute; facilitar o desligamento do sinal anal&oacute;gico e acelerar o processo de implanta&ccedil;&atilde;o do sinal digital. A nova norma proposta est&aacute; pautada no uso eficiente do espectro, na seguran&ccedil;a em rela&ccedil;&atilde;o &agrave; proibi&ccedil;&atilde;o de interfer&ecirc;ncias, na garantia da atual cobertura anal&oacute;gica do sinal digital e na desburocratiza&ccedil;&atilde;o de procedimentos de outorga.<\/p>\n<p>As contribui&ccedil;&otilde;es devem ser fundamentadas, identificadas e encaminhadas at&eacute; 30\/12, preferencialmente por meio de formul&aacute;rio eletr&ocirc;nico dispon&iacute;vel no link <a href=\"http:\/\/consultapublica.mc.gov.br\/consulta\/logon.asp\">http:\/\/consultapublica.mc.gov.br\/consulta\/logon.asp<\/a> <\/p>\n<p>J&aacute; as sugest&otilde;es por carta tamb&eacute;m devem ser enviadas at&eacute; o dia 20, para a Secretaria de Servi&ccedil;os de Comunica&ccedil;&atilde;o Eletr&ocirc;nica, Esplanada dos Minist&eacute;rios, Bloco R, edif&iacute;cio-anexo, sala 300, ala oeste, CEP 70.044-900.<\/p>\n","protected":false},"excerpt":{"rendered":"<p>Reda&ccedil;&atilde;o &#8211; Minist&eacute;rio das Comunica&ccedil;&otilde;es O Minist&eacute;rio das Comunica&ccedil;&otilde;es publicou hoje no Di&aacute;rio Oficial portaria que divulga consulta p&uacute;blica para coletar coment&aacute;rios e sugest&otilde;es da sociedade sobre a implanta&ccedil;&atilde;o da televis&atilde;o digital. Essas contribui&ccedil;&otilde;es do p&uacute;blico ser&atilde;o submetidas &agrave; proposta de ato normativo que regulamenta os servi&ccedil;os de transmiss&atilde;o e retransmiss&atilde;o de TV com a &hellip; <a href=\"https:\/\/obscom.intervozes.org.br\/?p=27632\" class=\"more-link\">Continue lendo <span class=\"screen-reader-text\">Minist\u00e9rio das Comunica\u00e7\u00f5es abre consulta p\u00fablica sobre implanta\u00e7\u00e3o da TV digital<\/span> <span class=\"meta-nav\">&rarr;<\/span><\/a><\/p>\n","protected":false},"author":1,"featured_media":0,"comment_status":"open","ping_status":"open","sticky":false,"template":"","format":"standard","meta":{"footnotes":""},"categories":[39],"tags":[],"_links":{"self":[{"href":"https:\/\/obscom.intervozes.org.br\/index.php?rest_route=\/wp\/v2\/posts\/27632"}],"collection":[{"href":"https:\/\/obscom.intervozes.org.br\/index.php?rest_route=\/wp\/v2\/posts"}],"about":[{"href":"https:\/\/obscom.intervozes.org.br\/index.php?rest_route=\/wp\/v2\/types\/post"}],"author":[{"embeddable":true,"href":"https:\/\/obscom.intervozes.org.br\/index.php?rest_route=\/wp\/v2\/users\/1"}],"replies":[{"embeddable":true,"href":"https:\/\/obscom.intervozes.org.br\/index.php?rest_route=%2Fwp%2Fv2%2Fcomments&post=27632"}],"version-history":[{"count":0,"href":"https:\/\/obscom.intervozes.org.br\/index.php?rest_route=\/wp\/v2\/posts\/27632\/revisions"}],"wp:attachment":[{"href":"https:\/\/obscom.intervozes.org.br\/index.php?rest_route=%2Fwp%2Fv2%2Fmedia&parent=27632"}],"wp:term":[{"taxonomy":"category","embeddable":true,"href":"https:\/\/obscom.intervozes.org.br\/index.php?rest_route=%2Fwp%2Fv2%2Fcategories&post=27632"},{"taxonomy":"post_tag","embeddable":true,"href":"https:\/\/obscom.intervozes.org.br\/index.php?rest_route=%2Fwp%2Fv2%2Ftags&post=27632"}],"curies":[{"name":"wp","href":"https:\/\/api.w.org\/{rel}","templated":true}]}}