{"id":27628,"date":"2013-12-11T09:35:18","date_gmt":"2013-12-11T09:35:18","guid":{"rendered":"https:\/\/obscom.intervozes.org.br\/wordpress\/?p=27628"},"modified":"2013-12-11T09:35:18","modified_gmt":"2013-12-11T09:35:18","slug":"forum-mundial-de-direitos-humanos-tera-26-atividades-tematizando-a-comunicacao","status":"publish","type":"post","link":"https:\/\/obscom.intervozes.org.br\/?p=27628","title":{"rendered":"F\u00f3rum Mundial de Direitos Humanos ter\u00e1 26 atividades tematizando a comunica\u00e7\u00e3o"},"content":{"rendered":"<p><strong>Reda&ccedil;&atilde;o &#8211; Observat&oacute;rio do Direito &agrave; Comunica&ccedil;&atilde;o<\/strong><\/p>\n<p>O F&oacute;rum Mundial de Direitos Humanos, iniciado no dia 10\/12, tem em sua programa&ccedil;&atilde;o ao menos 26 atividades com o tema da comunica&ccedil;&atilde;o, das quais s&atilde;o destaques o debate &quot;Comunica&ccedil;&atilde;o e Direitos Humanos&quot; e a atividade sobre a Lei da M&iacute;dia Democr&aacute;tica.<\/p>\n<p>O evento acontece em Bras&iacute;lia (DF) e segue at&eacute; o dia 13. &Eacute; uma realiza&ccedil;&atilde;o da Secretaria de Direitos Humanos da Presid&ecirc;ncia da Rep&uacute;blica e conta com diversas atividades auto-gestionadas pelas entidades participantes.<\/p>\n<p><a href=\"http:\/\/www.fndc.org.br\/clipping\/comunicacao-em-debate-no-forum-mundial-dos-direitos-humanos-933601\/\">Saiba mais e confira a programa&ccedil;&atilde;o clicando aqui. <\/a> <\/p>\n","protected":false},"excerpt":{"rendered":"<p>Reda&ccedil;&atilde;o &#8211; Observat&oacute;rio do Direito &agrave; Comunica&ccedil;&atilde;o O F&oacute;rum Mundial de Direitos Humanos, iniciado no dia 10\/12, tem em sua programa&ccedil;&atilde;o ao menos 26 atividades com o tema da comunica&ccedil;&atilde;o, das quais s&atilde;o destaques o debate &quot;Comunica&ccedil;&atilde;o e Direitos Humanos&quot; e a atividade sobre a Lei da M&iacute;dia Democr&aacute;tica. O evento acontece em Bras&iacute;lia (DF) &hellip; <a href=\"https:\/\/obscom.intervozes.org.br\/?p=27628\" class=\"more-link\">Continue lendo <span class=\"screen-reader-text\">F\u00f3rum Mundial de Direitos Humanos ter\u00e1 26 atividades tematizando a comunica\u00e7\u00e3o<\/span> <span class=\"meta-nav\">&rarr;<\/span><\/a><\/p>\n","protected":false},"author":1,"featured_media":0,"comment_status":"open","ping_status":"open","sticky":false,"template":"","format":"standard","meta":{"footnotes":""},"categories":[39],"tags":[],"_links":{"self":[{"href":"https:\/\/obscom.intervozes.org.br\/index.php?rest_route=\/wp\/v2\/posts\/27628"}],"collection":[{"href":"https:\/\/obscom.intervozes.org.br\/index.php?rest_route=\/wp\/v2\/posts"}],"about":[{"href":"https:\/\/obscom.intervozes.org.br\/index.php?rest_route=\/wp\/v2\/types\/post"}],"author":[{"embeddable":true,"href":"https:\/\/obscom.intervozes.org.br\/index.php?rest_route=\/wp\/v2\/users\/1"}],"replies":[{"embeddable":true,"href":"https:\/\/obscom.intervozes.org.br\/index.php?rest_route=%2Fwp%2Fv2%2Fcomments&post=27628"}],"version-history":[{"count":0,"href":"https:\/\/obscom.intervozes.org.br\/index.php?rest_route=\/wp\/v2\/posts\/27628\/revisions"}],"wp:attachment":[{"href":"https:\/\/obscom.intervozes.org.br\/index.php?rest_route=%2Fwp%2Fv2%2Fmedia&parent=27628"}],"wp:term":[{"taxonomy":"category","embeddable":true,"href":"https:\/\/obscom.intervozes.org.br\/index.php?rest_route=%2Fwp%2Fv2%2Fcategories&post=27628"},{"taxonomy":"post_tag","embeddable":true,"href":"https:\/\/obscom.intervozes.org.br\/index.php?rest_route=%2Fwp%2Fv2%2Ftags&post=27628"}],"curies":[{"name":"wp","href":"https:\/\/api.w.org\/{rel}","templated":true}]}}