{"id":27624,"date":"2013-12-09T10:08:23","date_gmt":"2013-12-09T10:08:23","guid":{"rendered":"https:\/\/obscom.intervozes.org.br\/wordpress\/?p=27624"},"modified":"2015-09-08T01:03:31","modified_gmt":"2015-09-08T01:03:31","slug":"radios-comunitarias-e-livres-no-celular","status":"publish","type":"post","link":"https:\/\/obscom.intervozes.org.br\/?p=27624","title":{"rendered":"R\u00e1dios comunit\u00e1rias e livres no celular"},"content":{"rendered":"<p><strong>Por Bruno Marinoni*<\/strong><\/p>\n<p>Os centros urbanos est\u00e3o cada vez mais povoados por pessoas que transitam de l\u00e1 para c\u00e1 com seus fones de ouvido, seja nos \u00f4nibus, metr\u00f4s, trens, barcas ou mesmo a p\u00e9. A pr\u00e1tica de se ouvir playlists ou transmiss\u00f5es de r\u00e1dio por meio dos telefones celulares parece se alastrar na esteira da epidemia dos smartphones. Em meio a isso tudo, r\u00e1dios livres e comunit\u00e1rias v\u00e3o construindo o seu caminho para se incorporar \u00e0s novas tecnologias. Exemplo disso foi a cria\u00e7\u00e3o do Radcom, aplicativo para Android e IOS que re\u00fane e disponibiliza transmiss\u00f5es dessas emissoras espalhadas por todo o mundo.<\/p>\n<p>Brasil, Argentina, \u00c1frica do Sul, Nicar\u00e1gua, Alemanha e Su\u00ed\u00e7a s\u00e3o apenas alguns dos pa\u00edses que j\u00e1 possuem emissoras conectadas ao aplicativo. Embora muitos comunicadores populares e ativistas j\u00e1 dominem boa parte das novas tecnologias e transmitam programa\u00e7\u00e3o por meio da internet, essa n\u00e3o \u00e9 a regra. Al\u00e9m disso, diante das in\u00fameras possibilidades de navega\u00e7\u00e3o no mundo virtual, a localiza\u00e7\u00e3o dessas iniciativas nem sempre \u00e9 t\u00e3o f\u00e1cil. Por isso, a proposta de disponibilizar os conte\u00fados para dispositivos m\u00f3veis representa uma das frentes de batalha que a comunica\u00e7\u00e3o n\u00e3o-corporativa tem que enfrentar hoje.<\/p>\n<p>O agrupamento das r\u00e1dios comunit\u00e1rias e livres em um mesmo aplicativo que facilita o acesso pode ser uma estrat\u00e9gia importante de fortalecimento e visibilidade dessas iniciativas. A luta por um lugar no espectro eletromagn\u00e9tico se ampliou e vai ganhando novos contornos ao ter que lidar com a converg\u00eancia digital. Para conhecer e difundir conte\u00fados independentes, basta fazer o download do aplicativo, que est\u00e1 dispon\u00edvel aqui. Mesmo quem ainda n\u00e3o aderiu ao software livre n\u00e3o precisa ficar de fora. O Radcom funciona tamb\u00e9m em sistemas operacionais como Windows e Mac, al\u00e9m, claro, do Linux.<\/p>\n<p><em>*Bruno Marinoni \u00e9 doutor em Sociologia pela UFPE e rep\u00f3rter do Observat\u00f3rio do Direito \u00e0 Comunica\u00e7\u00e3o.<\/em><\/p>\n<p><em>Texto originalmente publicado no Blog do Intervozes na Carta Capital.<\/em><\/p>\n","protected":false},"excerpt":{"rendered":"<p>Aplicativo re&uacute;ne r&aacute;dios comunit&aacute;rias e livres no celular. Iniciativa fortalece visibilidade e facilita o acesso dos usu&aacute;rios de internet aos conte&uacute;dos n&atilde;o corporativos.<\/p>\n","protected":false},"author":1,"featured_media":0,"comment_status":"open","ping_status":"open","sticky":false,"template":"","format":"standard","meta":{"footnotes":""},"categories":[42],"tags":[1836],"_links":{"self":[{"href":"https:\/\/obscom.intervozes.org.br\/index.php?rest_route=\/wp\/v2\/posts\/27624"}],"collection":[{"href":"https:\/\/obscom.intervozes.org.br\/index.php?rest_route=\/wp\/v2\/posts"}],"about":[{"href":"https:\/\/obscom.intervozes.org.br\/index.php?rest_route=\/wp\/v2\/types\/post"}],"author":[{"embeddable":true,"href":"https:\/\/obscom.intervozes.org.br\/index.php?rest_route=\/wp\/v2\/users\/1"}],"replies":[{"embeddable":true,"href":"https:\/\/obscom.intervozes.org.br\/index.php?rest_route=%2Fwp%2Fv2%2Fcomments&post=27624"}],"version-history":[{"count":2,"href":"https:\/\/obscom.intervozes.org.br\/index.php?rest_route=\/wp\/v2\/posts\/27624\/revisions"}],"predecessor-version":[{"id":29300,"href":"https:\/\/obscom.intervozes.org.br\/index.php?rest_route=\/wp\/v2\/posts\/27624\/revisions\/29300"}],"wp:attachment":[{"href":"https:\/\/obscom.intervozes.org.br\/index.php?rest_route=%2Fwp%2Fv2%2Fmedia&parent=27624"}],"wp:term":[{"taxonomy":"category","embeddable":true,"href":"https:\/\/obscom.intervozes.org.br\/index.php?rest_route=%2Fwp%2Fv2%2Fcategories&post=27624"},{"taxonomy":"post_tag","embeddable":true,"href":"https:\/\/obscom.intervozes.org.br\/index.php?rest_route=%2Fwp%2Fv2%2Ftags&post=27624"}],"curies":[{"name":"wp","href":"https:\/\/api.w.org\/{rel}","templated":true}]}}