{"id":27622,"date":"2013-12-05T17:48:31","date_gmt":"2013-12-05T17:48:31","guid":{"rendered":"https:\/\/obscom.intervozes.org.br\/wordpress\/?p=27622"},"modified":"2013-12-05T17:48:31","modified_gmt":"2013-12-05T17:48:31","slug":"formacao-para-midia-e-direitos-humanos-inicia-ciclo-em-sp","status":"publish","type":"post","link":"https:\/\/obscom.intervozes.org.br\/?p=27622","title":{"rendered":"Forma\u00e7\u00e3o para m\u00eddia e direitos humanos inicia ciclo em SP"},"content":{"rendered":"<p>Tem in&iacute;cio no dia 6 de dezembro, &agrave;s 8h da manh&atilde;, a edi&ccedil;&atilde;o paulista do &ldquo;Ciclo de Forma&ccedil;&atilde;o M&iacute;dia e Educa&ccedil;&atilde;o em Direitos Humanos&rdquo;. Quinta cidade em que s&atilde;o desenvolvidas as oficinas, S&atilde;o Paulo tem agora tamb&eacute;m a oportunidade de participar da capacita&ccedil;&atilde;o de lideran&ccedil;as dos movimentos sociais e comunicadores comunit&aacute;rios&nbsp; para a educa&ccedil;&atilde;o em direitos humanos. Devido ao alto n&uacute;mero de inscri&ccedil;&otilde;es, o n&uacute;mero de participantes foi ampliado de 30 para 40.<\/p>\n<p>O associado do Intervozes, Paulo Victor Melo &#8211; coordenador do projeto &#8211; ressalta as ambi&ccedil;&otilde;es do projeto. &ldquo;O que pretendemos &eacute; promover uma reflex&atilde;o com pessoas que lidam diretamente com direitos humanos ou que representam grupos que, cotidianamente, t&ecirc;m seus direitos violados. Por isso, al&eacute;m do objetivo mais geral da capacita&ccedil;&atilde;o queremos incentivar den&uacute;ncias de viola&ccedil;&otilde;es e a exigibilidade dos direitos humanos em diferentes espa&ccedil;os, incluindo os meios de comunica&ccedil;&atilde;o&rdquo;, enfatiza.<\/p>\n<p>O projeto, fruto de uma parceria com a Secretaria de Direitos Humanos da Presid&ecirc;ncia da Rep&uacute;blica, j&aacute; encerrou sua s&eacute;rie de oficinas na cidade de Salvador no dia 30, e deve fazer o mesmo no pr&oacute;ximo domingo (8\/12) em Curitiba e Bras&iacute;lia. Fortaleza segue com as atividades at&eacute; o dia 15.<\/p>\n<p>Em todas as oficinas ser&atilde;o abordados conte&uacute;dos sobre hist&oacute;ria, princ&iacute;pios e caracter&iacute;stica dos direitos humanos; e trajet&oacute;ria de lutas e direitos humanos de negros e negras, mulheres, popula&ccedil;&atilde;o LGBT, crian&ccedil;as e adolescentes, pessoas idosas e pessoas com defici&ecirc;ncia. Especialistas e profissionais com atua&ccedil;&atilde;o nessas &aacute;reas ser&atilde;o convidados para a media&ccedil;&atilde;o dos conte&uacute;dos, tendo uma apostila e v&iacute;deos com casos concretos de viola&ccedil;&atilde;o de direitos como materiais de apoio.<\/p>\n<p>De acordo com Paulo Victor Melo, tamb&eacute;m estar&aacute; contemplado, de forma transversal, o debate sobre direito &agrave; comunica&ccedil;&atilde;o, j&aacute; que &ldquo;a m&iacute;dia guarda uma rela&ccedil;&atilde;o direta com a compreens&atilde;o da sociedade sobre os direitos desses segmentos. Os meios de comunica&ccedil;&atilde;o podem desempenhar tanto um papel de promo&ccedil;&atilde;o quanto de viola&ccedil;&atilde;o dos direitos desses grupos sociais, por isso a an&aacute;lise da m&iacute;dia e da comunica&ccedil;&atilde;o como um direito ser&atilde;o centrais no projeto&rdquo;.<\/p>\n<p>Ao fim do ciclo de oficinas deve ser realizado um semin&aacute;rio nacional com participantes das oficinas, entidades defensoras dos direitos humanos e poder p&uacute;blico. Um Guia de M&iacute;dia e Direitos Humanos ser&aacute; lan&ccedil;ado durante o evento com o objetivo de orientar comunicadores sobre a forma de se fazer a cobertura do tema dos direitos humanos.<\/p>\n<p>Saibai mais em <a href=\"http:\/\/www.intervozes.org.br\/direitoshumanos\/\">http:\/\/www.intervozes.org.br\/direitoshumanos\/<\/a> <\/p>\n","protected":false},"excerpt":{"rendered":"<p>&Uacute;ltima das cinco cidades do projeto, S&atilde;o Paulo teve n&uacute;mero de participantes ampliado pela grande procura. Forma&ccedil;&atilde;o objetiva capacitar lideran&ccedil;as para a educa&ccedil;&atilde;o em DH.<\/p>\n","protected":false},"author":1,"featured_media":0,"comment_status":"open","ping_status":"open","sticky":false,"template":"","format":"standard","meta":{"footnotes":""},"categories":[40],"tags":[1524],"_links":{"self":[{"href":"https:\/\/obscom.intervozes.org.br\/index.php?rest_route=\/wp\/v2\/posts\/27622"}],"collection":[{"href":"https:\/\/obscom.intervozes.org.br\/index.php?rest_route=\/wp\/v2\/posts"}],"about":[{"href":"https:\/\/obscom.intervozes.org.br\/index.php?rest_route=\/wp\/v2\/types\/post"}],"author":[{"embeddable":true,"href":"https:\/\/obscom.intervozes.org.br\/index.php?rest_route=\/wp\/v2\/users\/1"}],"replies":[{"embeddable":true,"href":"https:\/\/obscom.intervozes.org.br\/index.php?rest_route=%2Fwp%2Fv2%2Fcomments&post=27622"}],"version-history":[{"count":0,"href":"https:\/\/obscom.intervozes.org.br\/index.php?rest_route=\/wp\/v2\/posts\/27622\/revisions"}],"wp:attachment":[{"href":"https:\/\/obscom.intervozes.org.br\/index.php?rest_route=%2Fwp%2Fv2%2Fmedia&parent=27622"}],"wp:term":[{"taxonomy":"category","embeddable":true,"href":"https:\/\/obscom.intervozes.org.br\/index.php?rest_route=%2Fwp%2Fv2%2Fcategories&post=27622"},{"taxonomy":"post_tag","embeddable":true,"href":"https:\/\/obscom.intervozes.org.br\/index.php?rest_route=%2Fwp%2Fv2%2Ftags&post=27622"}],"curies":[{"name":"wp","href":"https:\/\/api.w.org\/{rel}","templated":true}]}}