{"id":27619,"date":"2013-12-02T12:41:15","date_gmt":"2013-12-02T12:41:15","guid":{"rendered":"https:\/\/obscom.intervozes.org.br\/wordpress\/?p=27619"},"modified":"2013-12-02T12:41:15","modified_gmt":"2013-12-02T12:41:15","slug":"conferencia-nacional-de-cultura-aprova-a-lei-da-midia-democratica","status":"publish","type":"post","link":"https:\/\/obscom.intervozes.org.br\/?p=27619","title":{"rendered":"Confer\u00eancia Nacional de Cultura aprova a Lei da M\u00eddia Democr\u00e1tica"},"content":{"rendered":"<p>A Lei da M&iacute;dia Democr&aacute;tica e o Marco Civil da Internet est&atilde;o entre as diretrizes aprovadas por representantes do poder p&uacute;blico e pela sociedade civil na III Confer&ecirc;ncia Nacional de Cultura, que terminou neste domingo (1), em Bras&iacute;lia. A resolu&ccedil;&atilde;o final da plen&aacute;ria conta com 64 diretrizes para as a&ccedil;&otilde;es e pol&iacute;ticas p&uacute;blicas em cultura. <\/p>\n<p>Os projetos de lei foram debatidos no eixo &ldquo;Produ&ccedil;&atilde;o Simb&oacute;lica e Diversidade Cultural&rdquo;, no subtema &ldquo;Democratiza&ccedil;&atilde;o e Cultura Digital&rdquo;. Al&eacute;m do projeto de Lei da M&iacute;dia Democr&aacute;tica, o documento aponta a necessidade da aprova&ccedil;&atilde;o do Marco Regulat&oacute;rio das Comunica&ccedil;&otilde;es no Brasil e o fortalecimento da comunica&ccedil;&atilde;o p&uacute;blica e comunit&aacute;ria, como diz o texto: &ldquo;Incluir mais canais de r&aacute;dio e TVs p&uacute;blicas, comunit&aacute;rias, educativas, universit&aacute;rias, culturais e de cidadania, no espectro eletromagn&eacute;tico e digital do Brasil, disponibilizando recursos p&uacute;blicos para viabilizar a sustentabilidade dessas emissoras, assim como para aquisi&ccedil;&atilde;o e renova&ccedil;&atilde;o de infraestrutura tecnol&oacute;gica&rdquo;.<\/p>\n<p>Os delegados aprovaram tamb&eacute;m a orienta&ccedil;&atilde;o de que se promova o aumento do alcance das r&aacute;dios comunit&aacute;rias e que se disponibilizem recursos p&uacute;blicos para a viabiliza&ccedil;&atilde;o da sustentabilidade das emissoras al&eacute;m de &ldquo;Ampliar o di&aacute;logo e protagonismo do Minist&eacute;rio da Cultura dentro deste processo decis&oacute;rio (das r&aacute;dios comunit&aacute;rias) &rdquo;.<\/p>\n<p>O documento final da plen&aacute;ria traz ainda as propostas de aprova&ccedil;&atilde;o da proposta de pelo menos 10% dos recursos do Foto: Minist&eacute;rio da CulturaFundo Social do Pr&eacute;-Sal para a Cultura; o fortalecimento do Fundo Nacional de Cultura; aprova&ccedil;&atilde;o da PEC 49\/2007 e da PEC 236\/2008, que incluem a cultura como direito social dos brasileiros. <\/p>\n<p>Participaram da programa&ccedil;&atilde;o 1.745 pessoas, sendo 953 delas delegados dos 26 estados e do Distrito Federal, com 804 votantes &#8211; 70% representantes da sociedade civil, segundo o Minist&eacute;rio da Cultura. Durante quatro dias, os delegados debateram os temas &ldquo; Implementa&ccedil;&atilde;o do Sistema Nacional de Cultura&rdquo;, &ldquo;Produ&ccedil;&atilde;o Simb&oacute;lica e Diversidade Cultural&rdquo;, &ldquo;Cidadania e Direitos cultural&rdquo; e &ldquo;Cultura e Desenvolvimento&rdquo;.<\/p>\n","protected":false},"excerpt":{"rendered":"<p>O projeto de lei que prop&otilde;e a democratiza&ccedil;&atilde;o dos setores de r&aacute;dio e tv e o Marco Civil da Internet est&atilde;o entre as diretrizes aprovadas pelo setor cultural na III CNC<\/p>\n","protected":false},"author":1,"featured_media":0,"comment_status":"open","ping_status":"open","sticky":false,"template":"","format":"standard","meta":{"footnotes":""},"categories":[40],"tags":[307],"_links":{"self":[{"href":"https:\/\/obscom.intervozes.org.br\/index.php?rest_route=\/wp\/v2\/posts\/27619"}],"collection":[{"href":"https:\/\/obscom.intervozes.org.br\/index.php?rest_route=\/wp\/v2\/posts"}],"about":[{"href":"https:\/\/obscom.intervozes.org.br\/index.php?rest_route=\/wp\/v2\/types\/post"}],"author":[{"embeddable":true,"href":"https:\/\/obscom.intervozes.org.br\/index.php?rest_route=\/wp\/v2\/users\/1"}],"replies":[{"embeddable":true,"href":"https:\/\/obscom.intervozes.org.br\/index.php?rest_route=%2Fwp%2Fv2%2Fcomments&post=27619"}],"version-history":[{"count":0,"href":"https:\/\/obscom.intervozes.org.br\/index.php?rest_route=\/wp\/v2\/posts\/27619\/revisions"}],"wp:attachment":[{"href":"https:\/\/obscom.intervozes.org.br\/index.php?rest_route=%2Fwp%2Fv2%2Fmedia&parent=27619"}],"wp:term":[{"taxonomy":"category","embeddable":true,"href":"https:\/\/obscom.intervozes.org.br\/index.php?rest_route=%2Fwp%2Fv2%2Fcategories&post=27619"},{"taxonomy":"post_tag","embeddable":true,"href":"https:\/\/obscom.intervozes.org.br\/index.php?rest_route=%2Fwp%2Fv2%2Ftags&post=27619"}],"curies":[{"name":"wp","href":"https:\/\/api.w.org\/{rel}","templated":true}]}}