{"id":27608,"date":"2013-11-21T09:34:44","date_gmt":"2013-11-21T09:34:44","guid":{"rendered":"https:\/\/obscom.intervozes.org.br\/wordpress\/?p=27608"},"modified":"2013-11-21T09:34:44","modified_gmt":"2013-11-21T09:34:44","slug":"cartilha-sobre-canal-da-cidadania-e-lancada-em-audiencia-no-senado","status":"publish","type":"post","link":"https:\/\/obscom.intervozes.org.br\/?p=27608","title":{"rendered":"Cartilha sobre Canal da Cidadania \u00e9 lan\u00e7ada em audi\u00eancia no Senado"},"content":{"rendered":"<p>A cartilha &ldquo;Canal da Cidadania: orienta&ccedil;&otilde;es t&eacute;cnicas para prefeituras e associa&ccedil;&otilde;es comunit&aacute;rias obterem seu canal de TV digital&rdquo; foi lan&ccedil;ada durante audi&ecirc;ncia p&uacute;blica realizada no Senado, no dia 18 de novembro (segunda). A publica&ccedil;&atilde;o foi editada pela lideran&ccedil;a do PT e tem por objetivo &ldquo;estimular e orientar prefeituras e associa&ccedil;&otilde;es comunit&aacute;rias municipais para aproveitar a oportunidade &uacute;nica&rdquo; de se abrir um canal municipal digital que transmite quatro faixas de programa&ccedil;&atilde;o. De mais de 5 mil munic&iacute;pios, apenas 145 fizeram o pedido at&eacute; agora.<\/p>\n<p>O evento aconteceu na Comiss&atilde;o de Direitos Humanos (CDH) do Senado e foi presidido pela senadora Ana Rita (PT-ES). O debate que marcou o lan&ccedil;amento da cartilha destacou os problemas de financiamento das emissoras comunit&aacute;rias, com especial aten&ccedil;&atilde;o para a proibi&ccedil;&atilde;o de se veicular publicidade comercial.<\/p>\n<p>O secret&aacute;rio-geral da Associa&ccedil;&atilde;o Brasileira de Canais Comunit&aacute;rios (ABCCOM), Moises Correa afirmou que &ldquo;vivemos no capitalismo, por mais que muitos queiram outros sistemas. Temos que ter mecanismos de financiamento&rdquo;. J&aacute; o presidente da Empresa Brasil de Comunica&ccedil;&atilde;o, Nelson Breve, se contrap&ocirc;s a id&eacute;ia: &ldquo;se n&atilde;o diferenciarmos uma coisa da outra, vamos continuar aplicando o mesmo modelo de neg&oacute;cios em duas coisas diferentes. Acho que isso est&aacute; errado. Temos que tomar muito cuidado com a publicidade comercial&rdquo;.<\/p>\n<p>Breve lembrou ainda as dificuldades de se superar os entraves para se ter acesso aos fundos p&uacute;blicos. Segundo ele, a comunica&ccedil;&atilde;o p&uacute;blica possui hoje R$ 1,4 bilh&atilde;o depositado em ju&iacute;zo, mas impedidos de serem utilizados por conta da press&atilde;o das empresas de telecomunica&ccedil;&atilde;o que questionam a legalidade da Contribui&ccedil;&atilde;o para o Fomento da Radiodifus&atilde;o P&uacute;blica.<\/p>\n<p>A cartilha pode ser acessada em: <a href=\"https:\/\/www12.senado.gov.br\/noticias\/Arquivos\/2013\/11\/18\/canal-da-cidadania\">https:\/\/www12.senado.gov.br\/noticias\/Arquivos\/2013\/11\/18\/canal-da-cidadania<\/a> <\/p>\n","protected":false},"excerpt":{"rendered":"<p>Audi&ecirc;ncia p&uacute;blica da Comiss&atilde;o de Direitos Humanos do Senado discutiu o Canal da Cidadania e destacou as dificuldades para o financiamento das emissoras p&uacute;blicas e, em especial, as comunit&aacute;rias.<\/p>\n","protected":false},"author":1,"featured_media":0,"comment_status":"open","ping_status":"open","sticky":false,"template":"","format":"standard","meta":{"footnotes":""},"categories":[40],"tags":[703],"_links":{"self":[{"href":"https:\/\/obscom.intervozes.org.br\/index.php?rest_route=\/wp\/v2\/posts\/27608"}],"collection":[{"href":"https:\/\/obscom.intervozes.org.br\/index.php?rest_route=\/wp\/v2\/posts"}],"about":[{"href":"https:\/\/obscom.intervozes.org.br\/index.php?rest_route=\/wp\/v2\/types\/post"}],"author":[{"embeddable":true,"href":"https:\/\/obscom.intervozes.org.br\/index.php?rest_route=\/wp\/v2\/users\/1"}],"replies":[{"embeddable":true,"href":"https:\/\/obscom.intervozes.org.br\/index.php?rest_route=%2Fwp%2Fv2%2Fcomments&post=27608"}],"version-history":[{"count":0,"href":"https:\/\/obscom.intervozes.org.br\/index.php?rest_route=\/wp\/v2\/posts\/27608\/revisions"}],"wp:attachment":[{"href":"https:\/\/obscom.intervozes.org.br\/index.php?rest_route=%2Fwp%2Fv2%2Fmedia&parent=27608"}],"wp:term":[{"taxonomy":"category","embeddable":true,"href":"https:\/\/obscom.intervozes.org.br\/index.php?rest_route=%2Fwp%2Fv2%2Fcategories&post=27608"},{"taxonomy":"post_tag","embeddable":true,"href":"https:\/\/obscom.intervozes.org.br\/index.php?rest_route=%2Fwp%2Fv2%2Ftags&post=27608"}],"curies":[{"name":"wp","href":"https:\/\/api.w.org\/{rel}","templated":true}]}}