{"id":27607,"date":"2013-11-20T12:14:32","date_gmt":"2013-11-20T12:14:32","guid":{"rendered":"https:\/\/obscom.intervozes.org.br\/wordpress\/?p=27607"},"modified":"2013-11-20T12:14:32","modified_gmt":"2013-11-20T12:14:32","slug":"entidades-da-sociedade-civil-questionam-a-migracao-das-radios-am-para-fm","status":"publish","type":"post","link":"https:\/\/obscom.intervozes.org.br\/?p=27607","title":{"rendered":"Entidades da sociedade civil questionam a migra\u00e7\u00e3o das r\u00e1dios AM para FM"},"content":{"rendered":"<p>A presidenta Dilma Rousseff assinou na &uacute;ltima quinta (7) o decreto que possibilita a transfer&ecirc;ncia de emissoras de r&aacute;dio da banda AM para a FM. Apesar do clima de comemora&ccedil;&atilde;o &#8211; o executivo escolheu o dia do radialista para a oficializa&ccedil;&atilde;o &#8211; as entidades que representam os trabalhadores de empresas de radiodifus&atilde;o e tamb&eacute;m das r&aacute;dios comunit&aacute;rias mostraram descontentamento com a decis&atilde;o, que, segundo eles, foi tomada sem o debate com todos os setores da sociedade e &eacute; nociva &agrave; democratiza&ccedil;&atilde;o da comunica&ccedil;&atilde;o.<\/p>\n<p>O processo de transi&ccedil;&atilde;o &eacute; inicialmente opcional, mas o ministro das Comunica&ccedil;&otilde;es, Paulo Bernardo, informou que a pasta n&atilde;o dar&aacute; mais outorgas para a banda AM, que ser&aacute; substitu&iacute;da aos poucos pela FM. O governo atende, ao publicar o decreto, &agrave; demanda oficial do setor empresarial, encaminhada pela Associa&ccedil;&atilde;o das Emissoras de R&aacute;dio e Televis&atilde;o (Abert), sob o argumento do alto n&iacute;vel de interfer&ecirc;ncia de ru&iacute;dos nas transmiss&otilde;es AM.<\/p>\n<p>As entidades da sociedade civil apontam que a diminui&ccedil;&atilde;o da &aacute;rea de cobertura das r&aacute;dios &#8211;&nbsp; o alcance das r&aacute;dios FM &eacute; muito inferior ao do r&aacute;dio AM &#8211; deixar&aacute;&nbsp; &aacute;reas perif&eacute;ricas e rurais sem sem alternativas de comunica&ccedil;&atilde;o e informa&ccedil;&atilde;o e, ainda mais, dificultar&aacute; a implanta&ccedil;&atilde;o das r&aacute;dios. Segundo o ministro,&nbsp; as empresas ter&atilde;o que comprar transmissores novos, que custam de R$ 35 mil a R$ 50 mil.<\/p>\n<p>&quot;N&atilde;o h&aacute; espa&ccedil;o no dial FM para tanta r&aacute;dio, mesmo que acabem com todas as atuais r&aacute;dios FM. N&atilde;o no atual r&aacute;dio anal&oacute;gico, e mesmo porque, dessas r&aacute;dios AM, as que n&atilde;o s&atilde;o mantidas por governos ou igrejas ou outros grupos confessionais, mal t&ecirc;m condi&ccedil;&otilde;es de se manterem no ar no AM, que dir&aacute; migar para o concorrido dial FM ou de ter repetidora no FM&quot;, diz a nota p&uacute;blica da Federa&ccedil;&atilde;o Interestadual dos Trabalhadores em Radiodifus&atilde;o e Televis&atilde;o (Fitert). Para eles, a melhor solu&ccedil;&atilde;o seria a garantia da digitaliza&ccedil;&atilde;o de todos os sistemas existentes no pa&iacute;s, inclusive o r&aacute;dio AM.<\/p>\n<p>Segundo o representante nacional da Associa&ccedil;&atilde;o Mundial de R&aacute;dios Comunit&aacute;rias, Pedro Martins, a decis&atilde;o do governo foi arbitr&aacute;ria, sem di&aacute;logo com outros setores da sociedade. &quot;Setores da comunica&ccedil;&atilde;o comunit&aacute;ria, da comunica&ccedil;&atilde;o livre, das r&aacute;dios livres, sequer foram chamados a conversar para ver como seria a integra&ccedil;&atilde;o para o setor de FM da radiodifus&atilde;o&quot;, disse.<\/p>\n<p>Ele lembra que h&aacute; mais de um ano o segmento aguarda o retorno da proposta de altea&ccedil;&atilde;o do decreto que garantiria a sustentabilidade das r&aacute;dios comunit&aacute;rias (Decreto 9615\/98).&nbsp; &quot;Enquanto isso, o projeto de migra&ccedil;&atilde;o da faixa AM para FM, em menos de quatro meses, foi analisado e aprovado pelo governo&quot;, reclama. Martins chama a aten&ccedil;&atilde;o para a morosidade da aprova&ccedil;&atilde;o dos processos de outorga das emissoras comunit&aacute;rias e destaca a constante criminaliza&ccedil;&atilde;o dos radialistas. &quot;No momento em que poder&iacute;amos agregar novas possibilidades, dar voz a novos setores, o governo chama s&oacute; o setor empresarial&quot;, termina.<\/p>\n<p>A Abra&ccedil;o Nacional, em not&iacute;cia em seu site, afirma que os radialistas comunit&aacute;rios est&atilde;o indignados com o descaso do Executivo. Para o coordenador da entidade, Jos&eacute; Soter, o posicionamento atende apenas aos interesses mercadol&oacute;gicos, em detrimento das necessidades da democratiza&ccedil;&atilde;o da democratiza&ccedil;&atilde;o.<\/p>\n<p>S&oacute;ter destaca que o Executivo n&atilde;o cumpre a obriga&ccedil;&atilde;o consitucional da complementa&ccedil;&atilde;o e do acesso &agrave;s concess&otilde;es, previstos na Consitui&ccedil;&atilde;o Federal. &quot;Existem dois pesos e duas medidas. Enquanto o governo se nega a encaminhar mais canais para atender as necessidades da espans&atilde;o das r&aacute;dios comunit&aacute;rias, em apenas uma canetada fizeram esta migra&ccedil;&atilde;o. Priorizando as r&aacute;dios comerciais, o governo ilustra o seu descaso com quem realmente necessita de comunica&ccedil;&atilde;o&quot;. Segundo o coordenador, as entidades pedir&atilde;o ainda uma audi&ecirc;ncia com o Executivo para tratar do assunto.<\/p>\n<p>Segundo o governo, nos casos em que n&atilde;o for poss&iacute;vel fazer a migra&ccedil;&atilde;o, por falta de espa&ccedil;o nas r&aacute;dios FM, as r&aacute;dios ter&atilde;o que aguardar a convers&atilde;o da TV anal&oacute;gica para a digital. Os canais 5 e 6, que hoje ocupam a TV anal&oacute;gica, estar&atilde;o dispon&iacute;veis para receber as r&aacute;dios. Cada um destes canais, na futura TV digital, ter&aacute; espa&ccedil;o para 20 emissoras de r&aacute;dio. De acordo com o MiniCom, hoje existem cerca de 3 mil emissoras de r&aacute;dio, distribu&iacute;das aproximadamente em 50% para AM e FM.<\/p>\n","protected":false},"excerpt":{"rendered":"<p>Fitert, Abra&ccedil;o e Amarc afirmam que o Executivo n&atilde;o debateu a decis&atilde;o com a sociedade. Para as entidades, a transfer&ecirc;ncia s&oacute; beneficiar&aacute; a radiodifus&atilde;o comercial<\/p>\n","protected":false},"author":1,"featured_media":0,"comment_status":"open","ping_status":"open","sticky":false,"template":"","format":"standard","meta":{"footnotes":""},"categories":[40],"tags":[230],"_links":{"self":[{"href":"https:\/\/obscom.intervozes.org.br\/index.php?rest_route=\/wp\/v2\/posts\/27607"}],"collection":[{"href":"https:\/\/obscom.intervozes.org.br\/index.php?rest_route=\/wp\/v2\/posts"}],"about":[{"href":"https:\/\/obscom.intervozes.org.br\/index.php?rest_route=\/wp\/v2\/types\/post"}],"author":[{"embeddable":true,"href":"https:\/\/obscom.intervozes.org.br\/index.php?rest_route=\/wp\/v2\/users\/1"}],"replies":[{"embeddable":true,"href":"https:\/\/obscom.intervozes.org.br\/index.php?rest_route=%2Fwp%2Fv2%2Fcomments&post=27607"}],"version-history":[{"count":0,"href":"https:\/\/obscom.intervozes.org.br\/index.php?rest_route=\/wp\/v2\/posts\/27607\/revisions"}],"wp:attachment":[{"href":"https:\/\/obscom.intervozes.org.br\/index.php?rest_route=%2Fwp%2Fv2%2Fmedia&parent=27607"}],"wp:term":[{"taxonomy":"category","embeddable":true,"href":"https:\/\/obscom.intervozes.org.br\/index.php?rest_route=%2Fwp%2Fv2%2Fcategories&post=27607"},{"taxonomy":"post_tag","embeddable":true,"href":"https:\/\/obscom.intervozes.org.br\/index.php?rest_route=%2Fwp%2Fv2%2Ftags&post=27607"}],"curies":[{"name":"wp","href":"https:\/\/api.w.org\/{rel}","templated":true}]}}