{"id":27606,"date":"2013-11-18T12:27:23","date_gmt":"2013-11-18T12:27:23","guid":{"rendered":"https:\/\/obscom.intervozes.org.br\/wordpress\/?p=27606"},"modified":"2013-11-18T12:27:23","modified_gmt":"2013-11-18T12:27:23","slug":"pesquisa-sobre-midia-e-tema-de-audiencia-na-camara","status":"publish","type":"post","link":"https:\/\/obscom.intervozes.org.br\/?p=27606","title":{"rendered":"Pesquisa sobre m\u00eddia \u00e9 tema de audi\u00eancia na C\u00e2mara"},"content":{"rendered":"<p><strong>Reda&ccedil;&atilde;o &#8211; Vermelho<\/strong><\/p>\n<p>A Comiss&atilde;o de Cultura da C&acirc;mara dos Deputados re&uacute;ne-se nesta ter&ccedil;a-feira (19), &agrave;s 17 horas, para apresenta&ccedil;&atilde;o da pesquisa de opini&atilde;o p&uacute;blica &ldquo;Democratiza&ccedil;&atilde;o da m&iacute;dia&rdquo;, realizada pela Funda&ccedil;&atilde;o Perseu Abramo. Foram convidados para participar do debate, o presidente da funda&ccedil;&atilde;o, M&aacute;rcio Pochmann, e o professor da Universidade de Bras&iacute;lia (UnB), Murilo Ramos.<\/p>\n","protected":false},"excerpt":{"rendered":"<p>Reda&ccedil;&atilde;o &#8211; Vermelho A Comiss&atilde;o de Cultura da C&acirc;mara dos Deputados re&uacute;ne-se nesta ter&ccedil;a-feira (19), &agrave;s 17 horas, para apresenta&ccedil;&atilde;o da pesquisa de opini&atilde;o p&uacute;blica &ldquo;Democratiza&ccedil;&atilde;o da m&iacute;dia&rdquo;, realizada pela Funda&ccedil;&atilde;o Perseu Abramo. Foram convidados para participar do debate, o presidente da funda&ccedil;&atilde;o, M&aacute;rcio Pochmann, e o professor da Universidade de Bras&iacute;lia (UnB), Murilo Ramos.<\/p>\n","protected":false},"author":1,"featured_media":0,"comment_status":"open","ping_status":"open","sticky":false,"template":"","format":"standard","meta":{"footnotes":""},"categories":[39],"tags":[],"_links":{"self":[{"href":"https:\/\/obscom.intervozes.org.br\/index.php?rest_route=\/wp\/v2\/posts\/27606"}],"collection":[{"href":"https:\/\/obscom.intervozes.org.br\/index.php?rest_route=\/wp\/v2\/posts"}],"about":[{"href":"https:\/\/obscom.intervozes.org.br\/index.php?rest_route=\/wp\/v2\/types\/post"}],"author":[{"embeddable":true,"href":"https:\/\/obscom.intervozes.org.br\/index.php?rest_route=\/wp\/v2\/users\/1"}],"replies":[{"embeddable":true,"href":"https:\/\/obscom.intervozes.org.br\/index.php?rest_route=%2Fwp%2Fv2%2Fcomments&post=27606"}],"version-history":[{"count":0,"href":"https:\/\/obscom.intervozes.org.br\/index.php?rest_route=\/wp\/v2\/posts\/27606\/revisions"}],"wp:attachment":[{"href":"https:\/\/obscom.intervozes.org.br\/index.php?rest_route=%2Fwp%2Fv2%2Fmedia&parent=27606"}],"wp:term":[{"taxonomy":"category","embeddable":true,"href":"https:\/\/obscom.intervozes.org.br\/index.php?rest_route=%2Fwp%2Fv2%2Fcategories&post=27606"},{"taxonomy":"post_tag","embeddable":true,"href":"https:\/\/obscom.intervozes.org.br\/index.php?rest_route=%2Fwp%2Fv2%2Ftags&post=27606"}],"curies":[{"name":"wp","href":"https:\/\/api.w.org\/{rel}","templated":true}]}}