{"id":27604,"date":"2013-11-18T09:53:55","date_gmt":"2013-11-18T09:53:55","guid":{"rendered":"https:\/\/obscom.intervozes.org.br\/wordpress\/?p=27604"},"modified":"2013-11-18T09:53:55","modified_gmt":"2013-11-18T09:53:55","slug":"campanha-pela-lei-da-midia-democratica-cresce-em-todo-o-pais","status":"publish","type":"post","link":"https:\/\/obscom.intervozes.org.br\/?p=27604","title":{"rendered":"Campanha pela Lei da M\u00eddia Democr\u00e1tica cresce em todo o pa\u00eds"},"content":{"rendered":"<p>A campanha &quot;Para Expressar a Liberdade&quot; recebeu na &uacute;ltima semana cerca de 1300 assinaturas da peti&ccedil;&atilde;o do projeto de lei de iniciativa popular da M&iacute;dia Democr&aacute;tica. De norte a sul do pa&iacute;s, coletivos, sindicatos e at&eacute; fam&iacute;lias encaminharam o pedido para uma nova regulamenta&ccedil;&atilde;o dos setores de r&aacute;dio e televis&atilde;o brasileiros.<\/p>\n<p>As coletas chegaram de Riozinho (RS), Pelotas (RS), Diadema (SP), Campinas (SP), Porteirinha (MG), Contagem (MG), Jo&atilde;o Pessoa (PB) e Reden&ccedil;&atilde;o (PA).&nbsp; As maiores remessas vieram de Reden&ccedil;&atilde;o (PA) e Pelotas (RS). A busca de assinaturas na cidade ga&uacute;cha foi realizada durante a Semana Nacional pela Democratiza&ccedil;&atilde;o da Comunica&ccedil;&atilde;o, pelos integrantes e colaboradores do novo Comit&ecirc; Regional do F&oacute;rum Nacional pela Democratiza&ccedil;&atilde;o da Comunica&ccedil;&atilde;o (FNDC).&nbsp; As assinaturas do Par&aacute; foram coletadas por um coletivo cultural da cidade de Reden&ccedil;&atilde;o.&nbsp; Tamb&eacute;m em destaque est&aacute; o apoio de uma fam&iacute;lia de Diadema (SP).<\/p>\n<p>O projeto de lei j&aacute; conta com mais de 50 mil assinaturas e tem o apoio de mais de 200 entidades da sociedade civil. Maria Mello, secret&aacute;ria-executiva do FNDC, destacou que diariamente pessoas procuram a entidade, pelas redes, por telefone e at&eacute; no escrit&oacute;rio da entidade em Bras&iacute;lia para ter mais informa&ccedil;&otilde;es, oferecer apoio e entregar as listas de apoiamento.<\/p>\n<p>&quot;A campanha est&aacute; crescendo e a coleta de assinaturas n&atilde;o est&aacute; restrita apenas &agrave;s entidades apoiadoras. Chegam aqui assinaturas individuais, de fam&iacute;lias e at&eacute; de grupos de amigos. Al&eacute;m disso, &eacute; interessante ver que o debate est&aacute; chegando a todos os cantos do pa&iacute;s, das capitais ao interior&quot;, afirma. Mello lembra que a campanha lan&ccedil;ou no final de outubro o Guia de Mobiliza&ccedil;&atilde;o da Lei da M&iacute;dia Democr&aacute;tica que pode auxiliar na coleta e no debate nas ruas.&nbsp; &nbsp;<\/p>\n<p>O FNDC coordena a campanha pela democratiza&ccedil;&atilde;o da comunica&ccedil;&atilde;o e est&aacute; concentrando o recebimento das listas de apoiamento em Bras&iacute;lia, no endere&ccedil;o Setor Comercial Sul, Quadra 06, Ed. Presidente, sala 206, n&ordm;141 | CEP 70327-900 Bras&iacute;lia DF. A coordena&ccedil;&atilde;o da campanha pede que ap&oacute;s o envio das assinaturas tamb&eacute;m se encaminhe um e-mail para secretaria@fndc.org.br para apontar o encaminhamento.<\/p>\n<p><strong>Audi&ecirc;ncia Lei da M&iacute;dia Democr&aacute;tica<\/strong><br \/>Na &uacute;ltima semana, o projeto de lei foi tema de audi&ecirc;ncia na C&acirc;mara dos Deputados. Os parlamentares presentes manifestaram apoio ao projeto&nbsp; e o destacaram como o principal instrumento para a conscientiza&ccedil;&atilde;o da popula&ccedil;&atilde;o sobre a situa&ccedil;&atilde;o de monop&oacute;lio dos meios de comunica&ccedil;&atilde;o no Brasil e da necessidade da democratiza&ccedil;&atilde;o do setor no pa&iacute;s.<\/p>\n","protected":false},"excerpt":{"rendered":"<p>Em apenas uma semana, FNDC recebe cerca de 1300 assinaturas de apoio ao Projeto de Lei de Iniciativa Popular que pretende regulamentar a comunica&ccedil;&atilde;o eletr&ocirc;nica de forma democr&aacute;tica<\/p>\n","protected":false},"author":1,"featured_media":0,"comment_status":"open","ping_status":"open","sticky":false,"template":"","format":"standard","meta":{"footnotes":""},"categories":[40],"tags":[307],"_links":{"self":[{"href":"https:\/\/obscom.intervozes.org.br\/index.php?rest_route=\/wp\/v2\/posts\/27604"}],"collection":[{"href":"https:\/\/obscom.intervozes.org.br\/index.php?rest_route=\/wp\/v2\/posts"}],"about":[{"href":"https:\/\/obscom.intervozes.org.br\/index.php?rest_route=\/wp\/v2\/types\/post"}],"author":[{"embeddable":true,"href":"https:\/\/obscom.intervozes.org.br\/index.php?rest_route=\/wp\/v2\/users\/1"}],"replies":[{"embeddable":true,"href":"https:\/\/obscom.intervozes.org.br\/index.php?rest_route=%2Fwp%2Fv2%2Fcomments&post=27604"}],"version-history":[{"count":0,"href":"https:\/\/obscom.intervozes.org.br\/index.php?rest_route=\/wp\/v2\/posts\/27604\/revisions"}],"wp:attachment":[{"href":"https:\/\/obscom.intervozes.org.br\/index.php?rest_route=%2Fwp%2Fv2%2Fmedia&parent=27604"}],"wp:term":[{"taxonomy":"category","embeddable":true,"href":"https:\/\/obscom.intervozes.org.br\/index.php?rest_route=%2Fwp%2Fv2%2Fcategories&post=27604"},{"taxonomy":"post_tag","embeddable":true,"href":"https:\/\/obscom.intervozes.org.br\/index.php?rest_route=%2Fwp%2Fv2%2Ftags&post=27604"}],"curies":[{"name":"wp","href":"https:\/\/api.w.org\/{rel}","templated":true}]}}