{"id":27603,"date":"2013-11-18T09:33:41","date_gmt":"2013-11-18T09:33:41","guid":{"rendered":"https:\/\/obscom.intervozes.org.br\/wordpress\/?p=27603"},"modified":"2015-09-08T01:23:07","modified_gmt":"2015-09-08T01:23:07","slug":"guerra-santa-na-tv-brasileira","status":"publish","type":"post","link":"https:\/\/obscom.intervozes.org.br\/?p=27603","title":{"rendered":"Guerra santa na TV brasileira"},"content":{"rendered":"<p>Nas \u00faltimas semanas, uma disputa entre grupos religiosos por espa\u00e7o na TV aberta tem nos mostrado o capitalismo com as cal\u00e7as na m\u00e3o. Igreja Universal do Reino de Deus e, sua dissid\u00eancia, Igreja Mundial do Poder de Deus se engalfinham por espa\u00e7o na grade de programa\u00e7\u00e3o das emissoras do grupo Bandeirantes. Quem levou melhor foi o bispo Edir Macedo, que desbancou na segunda semana de novembro o ap\u00f3stolo Valdemiro Santiago na Band e na Rede 21 (do mesmo grupo), o que fez com que este fosse buscar ref\u00fagio na RedeTV!.<\/p>\n<p>Embaladas por c\u00e2nticos e serm\u00f5es, as cifras em jogo giram em torno das centenas de milh\u00f5es de reais. Trabalhadores s\u00e3o obrigados a cumprir jornadas extenuantes (fala-se de quinze horas) na produ\u00e7\u00e3o de dezenas de horas di\u00e1rias de programa\u00e7\u00e3o. Os grupos concorrentes desbancam os mais fracos e concentram dinheiro, programa\u00e7\u00e3o e fi\u00e9is. Tudo isso se utilizando de uma pr\u00e1tica no m\u00ednimo question\u00e1vel de arrendar tempo de veicula\u00e7\u00e3o em concess\u00f5es p\u00fablicas de televis\u00e3o.<\/p>\n<p>Com uma d\u00edvida de R$ 21 milh\u00f5es e inadimplente, a Mundial foi preterida, em nome de uma melhor oferta da Universal. Agora ela quer uma indeniza\u00e7\u00e3o de R$ 200 milh\u00f5es. Especula-se que o grupo Bandeirantes fature at\u00e9 R$ 150 milh\u00f5es na venda de espa\u00e7o para cultos eletr\u00f4nicos.<\/p>\n<p>Com a concentra\u00e7\u00e3o de espa\u00e7o por meio do poder econ\u00f4mico, o oligop\u00f3lio evang\u00e9lico vai crescendo avassaladoramente sobre a TV aberta. O g\u00eanero religioso \u00e9 hoje o que mais ocupa espa\u00e7o na televis\u00e3o. Em 2012, deteve 13,55% do tempo de programa\u00e7\u00e3o. Em alguns canais, o problema \u00e9 mais grave, como na Bandeirantes (17%), CNT (37%), Record (23%), Rede TV (38%) e Gazeta (15%).<\/p>\n<p>Como o capitalismo \u00e9 um sistema misericordioso, \u00e9 prov\u00e1vel que a Mundial volte \u00e0 Band em janeiro, para substituir o Claquete, um programa de menor retorno financeiro.<\/p>\n<p><em>Texto originalmente publicado no Blog do Intervozes na Carta Capital.<\/em><\/p>\n","protected":false},"excerpt":{"rendered":"<p>Igreja Universal do Reino de Deus e, sua dissid&ecirc;ncia, Igreja Mundial do Poder de Deus se engalfinham por espa&ccedil;o na grade de programa&ccedil;&atilde;o das emissoras do grupo Bandeirantes.<\/p>\n","protected":false},"author":1,"featured_media":0,"comment_status":"open","ping_status":"open","sticky":false,"template":"","format":"standard","meta":{"footnotes":""},"categories":[42],"tags":[1833],"_links":{"self":[{"href":"https:\/\/obscom.intervozes.org.br\/index.php?rest_route=\/wp\/v2\/posts\/27603"}],"collection":[{"href":"https:\/\/obscom.intervozes.org.br\/index.php?rest_route=\/wp\/v2\/posts"}],"about":[{"href":"https:\/\/obscom.intervozes.org.br\/index.php?rest_route=\/wp\/v2\/types\/post"}],"author":[{"embeddable":true,"href":"https:\/\/obscom.intervozes.org.br\/index.php?rest_route=\/wp\/v2\/users\/1"}],"replies":[{"embeddable":true,"href":"https:\/\/obscom.intervozes.org.br\/index.php?rest_route=%2Fwp%2Fv2%2Fcomments&post=27603"}],"version-history":[{"count":2,"href":"https:\/\/obscom.intervozes.org.br\/index.php?rest_route=\/wp\/v2\/posts\/27603\/revisions"}],"predecessor-version":[{"id":29310,"href":"https:\/\/obscom.intervozes.org.br\/index.php?rest_route=\/wp\/v2\/posts\/27603\/revisions\/29310"}],"wp:attachment":[{"href":"https:\/\/obscom.intervozes.org.br\/index.php?rest_route=%2Fwp%2Fv2%2Fmedia&parent=27603"}],"wp:term":[{"taxonomy":"category","embeddable":true,"href":"https:\/\/obscom.intervozes.org.br\/index.php?rest_route=%2Fwp%2Fv2%2Fcategories&post=27603"},{"taxonomy":"post_tag","embeddable":true,"href":"https:\/\/obscom.intervozes.org.br\/index.php?rest_route=%2Fwp%2Fv2%2Ftags&post=27603"}],"curies":[{"name":"wp","href":"https:\/\/api.w.org\/{rel}","templated":true}]}}