{"id":27601,"date":"2013-11-13T10:11:38","date_gmt":"2013-11-13T10:11:38","guid":{"rendered":"https:\/\/obscom.intervozes.org.br\/wordpress\/?p=27601"},"modified":"2015-09-08T01:25:22","modified_gmt":"2015-09-08T01:25:22","slug":"comunicacao-publica-em-greve-nacional","status":"publish","type":"post","link":"https:\/\/obscom.intervozes.org.br\/?p=27601","title":{"rendered":"Comunica\u00e7\u00e3o p\u00fablica em greve nacional"},"content":{"rendered":"<p><strong>Por Lucas Krauss*<\/strong><\/p>\n<p>A cria\u00e7\u00e3o da Empresa Brasil de Comunica\u00e7\u00e3o (EBC) respondeu demanda reivindicada e conquistada pela sociedade brasileira, notadamente dos movimentos que lutam pela democratiza\u00e7\u00e3o da comunica\u00e7\u00e3o no pa\u00eds. A alta concentra\u00e7\u00e3o de meios privados e a obrigatoriedade constitucional de existir complementaridade entre os sistemas p\u00fablico, privado e estatal j\u00e1 justificam a exist\u00eancia de emissoras p\u00fablicas que n\u00e3o privilegiem o lucro.<\/p>\n<p>A comunica\u00e7\u00e3o p\u00fablica tem, potencialmente, independ\u00eancia editorial para veicular o que for de interesse publico. Ou algu\u00e9m acha que o Jornal Nacional, da Rede Globo, vai produzir uma reportagem investigativa sobre a Ambev, a principal anunciante dos jogos de futebol da emissora? Nesse contexto, hoje, apenas as emissoras p\u00fablicas poderiam fazer isso, sobretudo aquelas vinculadas \u00e0 EBC, principal figura da comunica\u00e7\u00e3o p\u00fablica no pa\u00eds.<\/p>\n<p>No entanto, a dire\u00e7\u00e3o atual da empresa barra avan\u00e7os mais significativos com rela\u00e7\u00e3o \u00e0s autonomias financeira e pol\u00edtica frente ao governo federal, \u00e0 sua (n\u00e3o) distribui\u00e7\u00e3o geogr\u00e1fica e, principalmente, ao n\u00e3o valorizar os seus trabalhadores. Enquanto aspectos de estrutura s\u00e3o minimamente contemplados \u2013 como a instala\u00e7\u00e3o de modernos microfones para as r\u00e1dios ou a constru\u00e7\u00e3o de est\u00fadios novos \u2013, os trabalhadores continuam sofrendo com baix\u00edssimo sal\u00e1rio, n\u00e3o pagamento de horas extras, ac\u00famulo e desvio de fun\u00e7\u00f5es, al\u00e9m da mais recente ilegalidade: a retirada de direitos j\u00e1 conquistados em acordos coletivos anteriores.<\/p>\n<p>Por esses e outros motivos, os trabalhadores da EBC entraram em greve na \u00faltima quinta-feira (07\/11), desde as 16hs, com ades\u00e3o rar\u00edssimas vezes verificada em reda\u00e7\u00f5es jornal\u00edsticas do pa\u00eds. Segundo balan\u00e7os realizados nesta sexta-feira pelos trabalhadores, aproximadamente 800 est\u00e3o parados, de um total de 2 mil funcion\u00e1rios. Contabilizando aqueles que t\u00eam fun\u00e7\u00f5es comissionadas, est\u00e3o de f\u00e9rias, atestados m\u00e9dicos, licen\u00e7as-maternidade e paternidade, s\u00e3o chefes ou coordenadores, o percentual de ades\u00e3o aumenta significativamente.<\/p>\n<p>E por que a ades\u00e3o \u00e9 t\u00e3o maci\u00e7a e j\u00e1 conta com o apoio de diversas entidades da sociedade civil, de parlamentares como o deputado Chico Alencar (PSOL) e o senador Eduardo Suplicy (PT) e do rapper Gog, que visitou, hoje, o piquete dos trabalhadores? Claramente, devido \u00e0 postura intransigente da atual dire\u00e7\u00e3o, que n\u00e3o s\u00f3 n\u00e3o respondeu \u00e0s reivindica\u00e7\u00f5es, como prop\u00f4s a retirada da conven\u00e7\u00e3o trabalhista de importantes direitos conquistados anteriormente, como o percentual m\u00ednimo de chefias concursadas, a corre\u00e7\u00e3o de casos de ac\u00famulo e desvio de fun\u00e7\u00e3o e a organiza\u00e7\u00e3o de pol\u00edticas de forma\u00e7\u00e3o interna.<\/p>\n<p>Em rela\u00e7\u00e3o \u00e0 quest\u00e3o salarial, h\u00e1 dois n\u00edveis b\u00e1sicos de sal\u00e1rios na EBC: R$ 1.917 para t\u00e9cnicos e R$ 3.208 para os que t\u00eam ensino superior. A proposta inicial dos trabalhadores para o acordo coletivo deste ano era de reposi\u00e7\u00e3o da infla\u00e7\u00e3o mais ganho real linear de R$ 400. Mas qual n\u00e3o foi a surpresa dos trabalhadores ao receberam a contra-oferta da dire\u00e7\u00e3o: 0,5% de aumento real neste ano e mais 0,5% de aumento real em 2014. Esse valor representa ris\u00edveis R$ 16 de aumento real por m\u00eas! Em clara tentativa de ludibriar os funcion\u00e1rios, a dire\u00e7\u00e3o tamb\u00e9m ofertou o que os trabalhadores j\u00e1 intitularam de \u201cvale-peru\u201d, um vale-alimenta\u00e7\u00e3o extra apenas para dezembro, al\u00e9m do vale-cultura, no valor de R$ 40. Mesmo assim, como forma de manter a negocia\u00e7\u00e3o, os trabalhadores apresentaram uma contra-proposta de incorpora\u00e7\u00e3o dessas \u201cbenesses\u201d aos sal\u00e1rios, assim como 1% de aumento real, totalizando um aumento linear de R$ 290.<\/p>\n<p>A dire\u00e7\u00e3o da empresa alega impossibilidade de pagar esse singelo valor devido ao total de recursos repassados pelo Minist\u00e9rio do Planejamento (leia-se governo federal, Presid\u00eancia da Rep\u00fablica). Como se n\u00e3o bastasse, amea\u00e7a entrar na Justi\u00e7a e, o pior, emite notas amea\u00e7adoras di\u00e1rias, com in\u00fameras inverdades, a todos os trabalhadores e trabalhadoras. Tal postura teve continuidade mesmo ap\u00f3s a deflagra\u00e7\u00e3o da greve, a paralisa\u00e7\u00e3o de diversos servi\u00e7os e uma vergonhosa exibi\u00e7\u00e3o do principal telejornal da empresa \u2013 o Rep\u00f3rter Brasil \u2013 repleto de erros t\u00e9cnicos, mat\u00e9rias antigas e m\u00fasicas excessivas para tapar o buraco da programa\u00e7\u00e3o. O mesmo se verificou no programa de r\u00e1dio \u201cVoz do Brasil\u201d e na TV NBR (presta\u00e7\u00f5es de servi\u00e7o feitas sob contrato com o governo federal).<\/p>\n<p>Diante disso, os trabalhadores decidiram, em assembleia realizada nesta sexta-feira (08\/11), manter a greve nacional. Com a n\u00e3o produ\u00e7\u00e3o de not\u00edcias factuais da TV Brasil, da Ag\u00eancia Brasil, das oito emissoras de r\u00e1dio, al\u00e9m das contratadas TV NBr e \u201cVoz do Brasil\u201d, espera-se que a dire\u00e7\u00e3o da EBC proponha um debate s\u00e9rio com os trabalhadores e de fato os valorize.<\/p>\n<p>E, mais que isso. Espera-se que a sociedade e o governo federal valorizem a produ\u00e7\u00e3o de uma comunica\u00e7\u00e3o p\u00fablica de qualidade, pois \u00e9 disso que se trata essa mobiliza\u00e7\u00e3o nacional: antes de tudo, esta \u00e9 uma luta pela defesa do sistema p\u00fablico de comunica\u00e7\u00e3o do pa\u00eds.<\/p>\n<p><em>* Lucas Krauss \u00e9 membro do coletivo Intervozes e jornalista na EBC.<\/em><\/p>\n<p><em>Texto originalmente publicado no Blog do Intervozes na Carta Capital.<\/em><\/p>\n","protected":false},"excerpt":{"rendered":"<p>Diante da intransig&ecirc;ncia da dire&ccedil;&atilde;o, trabalhadores da EBC entraram em greve nesta quinta. Movimento pede aumento real de sal&aacute;rio, manuten&ccedil;&atilde;o de direitos conquistados e valoriza&ccedil;&atilde;o da m&iacute;dia p&uacute;blica<\/p>\n","protected":false},"author":1,"featured_media":0,"comment_status":"open","ping_status":"open","sticky":false,"template":"","format":"standard","meta":{"footnotes":""},"categories":[42],"tags":[703],"_links":{"self":[{"href":"https:\/\/obscom.intervozes.org.br\/index.php?rest_route=\/wp\/v2\/posts\/27601"}],"collection":[{"href":"https:\/\/obscom.intervozes.org.br\/index.php?rest_route=\/wp\/v2\/posts"}],"about":[{"href":"https:\/\/obscom.intervozes.org.br\/index.php?rest_route=\/wp\/v2\/types\/post"}],"author":[{"embeddable":true,"href":"https:\/\/obscom.intervozes.org.br\/index.php?rest_route=\/wp\/v2\/users\/1"}],"replies":[{"embeddable":true,"href":"https:\/\/obscom.intervozes.org.br\/index.php?rest_route=%2Fwp%2Fv2%2Fcomments&post=27601"}],"version-history":[{"count":2,"href":"https:\/\/obscom.intervozes.org.br\/index.php?rest_route=\/wp\/v2\/posts\/27601\/revisions"}],"predecessor-version":[{"id":29312,"href":"https:\/\/obscom.intervozes.org.br\/index.php?rest_route=\/wp\/v2\/posts\/27601\/revisions\/29312"}],"wp:attachment":[{"href":"https:\/\/obscom.intervozes.org.br\/index.php?rest_route=%2Fwp%2Fv2%2Fmedia&parent=27601"}],"wp:term":[{"taxonomy":"category","embeddable":true,"href":"https:\/\/obscom.intervozes.org.br\/index.php?rest_route=%2Fwp%2Fv2%2Fcategories&post=27601"},{"taxonomy":"post_tag","embeddable":true,"href":"https:\/\/obscom.intervozes.org.br\/index.php?rest_route=%2Fwp%2Fv2%2Ftags&post=27601"}],"curies":[{"name":"wp","href":"https:\/\/api.w.org\/{rel}","templated":true}]}}