{"id":27596,"date":"2013-11-05T18:13:14","date_gmt":"2013-11-05T18:13:14","guid":{"rendered":"https:\/\/obscom.intervozes.org.br\/wordpress\/?p=27596"},"modified":"2014-09-07T03:03:22","modified_gmt":"2014-09-07T03:03:22","slug":"marco-civil-da-internet-tem-nova-versao-que-deve-ir-a-votacao","status":"publish","type":"post","link":"https:\/\/obscom.intervozes.org.br\/?p=27596","title":{"rendered":"Marco Civil da Internet tem nova vers\u00e3o que deve ir a vota\u00e7\u00e3o"},"content":{"rendered":"<p>O deputado Alessandro Molon (PT\/RJ), relator do projeto, apresentou nesta ter&ccedil;a (5\/11) a nova vers&atilde;o da proposta de Marco Civil da Internet com algumas altera&ccedil;&otilde;es. Adiada novamente na semana passada, a vota&ccedil;&atilde;o da proposta pode acontecer nesta quarta-feira (6\/11). O Ministro das Comunica&ccedil;&otilde;es, Paulo Bernardo, descartou a possibilidade de ser retirado o pedido de urg&ecirc;ncia, que tranca a pauta da C&acirc;mara dos deputados desde o &uacute;ltimo dia 28. <\/p>\n<p>A nova reda&ccedil;&atilde;o do texto passou pelo crivo da presidenta Dilma Roussef, em reuni&atilde;o realizada nesta segunda (04\/11). O maior n&uacute;mero de modifica&ccedil;&otilde;es aconteceu no conte&uacute;do espec&iacute;fico sobre sigilo, privacidade e inviolabilidade de dados.<\/p>\n<p>Segundo o deputado, &quot;o projeto n&atilde;o abre nenhuma brecha para a quebra da neutralidade&quot;, considerada por ele &ldquo;o cora&ccedil;&atilde;o do projeto&rdquo;. Na &uacute;ltima vers&atilde;o, a reda&ccedil;&atilde;o sobre esse princ&iacute;pio retorna &agrave; forma como se encontrava na primeira reda&ccedil;&atilde;o do texto do Marco Civil da Internet.<\/p>\n<p>O par&aacute;grafo que faz ressalva aos direitos autorais na desresponsabiliza&ccedil;&atilde;o de intermedi&aacute;rios na publica&ccedil;&atilde;o de conte&uacute;dos de terceiros prev&ecirc; regulamenta&ccedil;&atilde;o por lei espec&iacute;fica, ficando com a seguinte reda&ccedil;&atilde;o no documento final do relator: &ldquo;a aplica&ccedil;&atilde;o do disposto neste artigo para infra&ccedil;&otilde;es a direitos de autor ou a diretos conexos depende de previs&atilde;o legal espec&iacute;fica, que dever&aacute; respeitar a liberdade de express&atilde;o e demais garantias previstas no art. 5&ordm; da Constitui&ccedil;&atilde;o Federal&rdquo;.<\/p>\n<p>Molon declarou que espera ver o Marco Civil da Internet votado ainda nessa semana, mas considera a possibilidade de se ter um novo adiamento &ldquo;desde que n&atilde;o passe da semana que vem&rdquo;.<\/p>\n<p>Entidades que defendem o direito &aacute; comunica&ccedil;&atilde;o e o Marco Civil da Internet est&atilde;o organizando um ato p&uacute;blico, &agrave;s 9h, na C&acirc;mara dos Deputados, simultaneamente &agrave; reuni&atilde;o da Comiss&atilde;o Geral, que acontece no plen&aacute;rio com a participa&ccedil;&atilde;o de representantes da sociedade civil para debater o tema. <\/p>\n<p>Leia tamb&eacute;m:<a href=\"http:\/\/localhost\/intervozes_direitoacomunicacao\/wordpress\/?p=27595\"> PMDB pode ser fiel da balan&ccedil;a na vota&ccedil;&atilde;o do Marco Civil da Internet <\/a> <\/p>\n<p><a href=\"http:\/\/convergenciadigital.uol.com.br\/inf\/marco-civil-substitutivo.pdf\">Veja o documento na &iacute;ntegra<\/a>. <\/p>\n","protected":false},"excerpt":{"rendered":"<p>Princ&iacute;pio da neutralidade de rede volta &agrave; reda&ccedil;&atilde;o original. Ativistas preparam ato em defesa do Marco Civil<\/p>\n","protected":false},"author":1,"featured_media":0,"comment_status":"open","ping_status":"open","sticky":false,"template":"","format":"standard","meta":{"footnotes":""},"categories":[40],"tags":[1783],"_links":{"self":[{"href":"https:\/\/obscom.intervozes.org.br\/index.php?rest_route=\/wp\/v2\/posts\/27596"}],"collection":[{"href":"https:\/\/obscom.intervozes.org.br\/index.php?rest_route=\/wp\/v2\/posts"}],"about":[{"href":"https:\/\/obscom.intervozes.org.br\/index.php?rest_route=\/wp\/v2\/types\/post"}],"author":[{"embeddable":true,"href":"https:\/\/obscom.intervozes.org.br\/index.php?rest_route=\/wp\/v2\/users\/1"}],"replies":[{"embeddable":true,"href":"https:\/\/obscom.intervozes.org.br\/index.php?rest_route=%2Fwp%2Fv2%2Fcomments&post=27596"}],"version-history":[{"count":1,"href":"https:\/\/obscom.intervozes.org.br\/index.php?rest_route=\/wp\/v2\/posts\/27596\/revisions"}],"predecessor-version":[{"id":28336,"href":"https:\/\/obscom.intervozes.org.br\/index.php?rest_route=\/wp\/v2\/posts\/27596\/revisions\/28336"}],"wp:attachment":[{"href":"https:\/\/obscom.intervozes.org.br\/index.php?rest_route=%2Fwp%2Fv2%2Fmedia&parent=27596"}],"wp:term":[{"taxonomy":"category","embeddable":true,"href":"https:\/\/obscom.intervozes.org.br\/index.php?rest_route=%2Fwp%2Fv2%2Fcategories&post=27596"},{"taxonomy":"post_tag","embeddable":true,"href":"https:\/\/obscom.intervozes.org.br\/index.php?rest_route=%2Fwp%2Fv2%2Ftags&post=27596"}],"curies":[{"name":"wp","href":"https:\/\/api.w.org\/{rel}","templated":true}]}}