{"id":27594,"date":"2013-11-05T10:54:40","date_gmt":"2013-11-05T10:54:40","guid":{"rendered":"https:\/\/obscom.intervozes.org.br\/wordpress\/?p=27594"},"modified":"2013-11-05T10:54:40","modified_gmt":"2013-11-05T10:54:40","slug":"intervozes-promove-formacao-em-midia-e-direitos-humanos","status":"publish","type":"post","link":"https:\/\/obscom.intervozes.org.br\/?p=27594","title":{"rendered":"Intervozes promove forma\u00e7\u00e3o em m\u00eddia e direitos humanos"},"content":{"rendered":"<p><strong>Reda&ccedil;&atilde;o &#8211; Observat&oacute;rio do Direito &agrave; Comunica&ccedil;&atilde;o<\/strong><\/p>\n<p>O Intervozes &ndash; Coletivo Brasil de Comunica&ccedil;&atilde;o Social inicia, neste m&ecirc;s de novembro, uma s&eacute;rie de atividades de debates que abordar&atilde;o a rela&ccedil;&atilde;o dos meios de comunica&ccedil;&atilde;o com os direitos humanos. As atividades comp&otilde;em o &ldquo;Ciclo de Forma&ccedil;&atilde;o M&iacute;dia e Educa&ccedil;&atilde;o em Direitos Humanos&rdquo;, projeto da entidade fruto de um conv&ecirc;nio com a Secretaria de Direitos Humanos da Presid&ecirc;ncia da Rep&uacute;blica.<\/p>\n<p>O objetivo principal do projeto &eacute; promover a capacita&ccedil;&atilde;o de lideran&ccedil;as de movimentos sociais e comunicadores comunit&aacute;rios para a educa&ccedil;&atilde;o em direitos humanos e a multiplica&ccedil;&atilde;o de uma cultura de paz e valoriza&ccedil;&atilde;o da diversidade. Ser&atilde;o realizadas oficinas em Bras&iacute;lia, Curitiba, Fortaleza, Salvador e S&atilde;o Paulo, envolvendo em cada local 30 representantes de entidades e organiza&ccedil;&otilde;es da sociedade civil.<\/p>\n<p>Saiba mais <a href=\"http:\/\/www.intervozes.org.br\/direitoshumanos\/index.php?option=com_content&amp;view=article&amp;id=35:intervozes-da-inicio-a-projeto-de-formacao-em-midia-e-direitos-humanos&amp;catid=7:blog&amp;Itemid=132\">acessando a p&aacute;gina do projeto<\/a> . <\/p>\n","protected":false},"excerpt":{"rendered":"<p>Reda&ccedil;&atilde;o &#8211; Observat&oacute;rio do Direito &agrave; Comunica&ccedil;&atilde;o O Intervozes &ndash; Coletivo Brasil de Comunica&ccedil;&atilde;o Social inicia, neste m&ecirc;s de novembro, uma s&eacute;rie de atividades de debates que abordar&atilde;o a rela&ccedil;&atilde;o dos meios de comunica&ccedil;&atilde;o com os direitos humanos. As atividades comp&otilde;em o &ldquo;Ciclo de Forma&ccedil;&atilde;o M&iacute;dia e Educa&ccedil;&atilde;o em Direitos Humanos&rdquo;, projeto da entidade fruto &hellip; <a href=\"https:\/\/obscom.intervozes.org.br\/?p=27594\" class=\"more-link\">Continue lendo <span class=\"screen-reader-text\">Intervozes promove forma\u00e7\u00e3o em m\u00eddia e direitos humanos<\/span> <span class=\"meta-nav\">&rarr;<\/span><\/a><\/p>\n","protected":false},"author":1,"featured_media":0,"comment_status":"open","ping_status":"open","sticky":false,"template":"","format":"standard","meta":{"footnotes":""},"categories":[39],"tags":[],"_links":{"self":[{"href":"https:\/\/obscom.intervozes.org.br\/index.php?rest_route=\/wp\/v2\/posts\/27594"}],"collection":[{"href":"https:\/\/obscom.intervozes.org.br\/index.php?rest_route=\/wp\/v2\/posts"}],"about":[{"href":"https:\/\/obscom.intervozes.org.br\/index.php?rest_route=\/wp\/v2\/types\/post"}],"author":[{"embeddable":true,"href":"https:\/\/obscom.intervozes.org.br\/index.php?rest_route=\/wp\/v2\/users\/1"}],"replies":[{"embeddable":true,"href":"https:\/\/obscom.intervozes.org.br\/index.php?rest_route=%2Fwp%2Fv2%2Fcomments&post=27594"}],"version-history":[{"count":0,"href":"https:\/\/obscom.intervozes.org.br\/index.php?rest_route=\/wp\/v2\/posts\/27594\/revisions"}],"wp:attachment":[{"href":"https:\/\/obscom.intervozes.org.br\/index.php?rest_route=%2Fwp%2Fv2%2Fmedia&parent=27594"}],"wp:term":[{"taxonomy":"category","embeddable":true,"href":"https:\/\/obscom.intervozes.org.br\/index.php?rest_route=%2Fwp%2Fv2%2Fcategories&post=27594"},{"taxonomy":"post_tag","embeddable":true,"href":"https:\/\/obscom.intervozes.org.br\/index.php?rest_route=%2Fwp%2Fv2%2Ftags&post=27594"}],"curies":[{"name":"wp","href":"https:\/\/api.w.org\/{rel}","templated":true}]}}