{"id":27593,"date":"2013-11-04T11:15:33","date_gmt":"2013-11-04T11:15:33","guid":{"rendered":"https:\/\/obscom.intervozes.org.br\/wordpress\/?p=27593"},"modified":"2013-11-04T11:15:33","modified_gmt":"2013-11-04T11:15:33","slug":"audiencia-discute-projeto-de-lei-da-midia-democratica-na-camara","status":"publish","type":"post","link":"https:\/\/obscom.intervozes.org.br\/?p=27593","title":{"rendered":"Audi\u00eancia discute Projeto de Lei da M\u00eddia Democr\u00e1tica na C\u00e2mara"},"content":{"rendered":"<p><strong>Reda&ccedil;&atilde;o &#8211; Observat&oacute;rio do Direito &agrave; Comunica&ccedil;&atilde;o<\/strong><\/p>\n<p>A Comiss&atilde;o de Ci&ecirc;ncia, Tecnologia, Comunica&ccedil;&atilde;o e inform&aacute;tica da C&acirc;mara dos Deputados realiza no pr&oacute;ximo dia 12 audi&ecirc;ncia p&uacute;blica sobre o Projeto de Lei da M&iacute;dia Democr&aacute;tica. O debate acontece em sess&atilde;o conjunta com as Comiss&otilde;es de Cultura e Comiss&atilde;o de Educa&ccedil;&atilde;o &agrave;s 14h30 no plen&aacute;rio 13. A proposta &eacute; um projeto de iniciativa popular, instrumento previsto pela Constitui&ccedil;&atilde;o, e encontra-se em fase de coleta de assinaturas.<\/p>\n","protected":false},"excerpt":{"rendered":"<p>Reda&ccedil;&atilde;o &#8211; Observat&oacute;rio do Direito &agrave; Comunica&ccedil;&atilde;o A Comiss&atilde;o de Ci&ecirc;ncia, Tecnologia, Comunica&ccedil;&atilde;o e inform&aacute;tica da C&acirc;mara dos Deputados realiza no pr&oacute;ximo dia 12 audi&ecirc;ncia p&uacute;blica sobre o Projeto de Lei da M&iacute;dia Democr&aacute;tica. O debate acontece em sess&atilde;o conjunta com as Comiss&otilde;es de Cultura e Comiss&atilde;o de Educa&ccedil;&atilde;o &agrave;s 14h30 no plen&aacute;rio 13. A &hellip; <a href=\"https:\/\/obscom.intervozes.org.br\/?p=27593\" class=\"more-link\">Continue lendo <span class=\"screen-reader-text\">Audi\u00eancia discute Projeto de Lei da M\u00eddia Democr\u00e1tica na C\u00e2mara<\/span> <span class=\"meta-nav\">&rarr;<\/span><\/a><\/p>\n","protected":false},"author":1,"featured_media":0,"comment_status":"open","ping_status":"open","sticky":false,"template":"","format":"standard","meta":{"footnotes":""},"categories":[39],"tags":[],"_links":{"self":[{"href":"https:\/\/obscom.intervozes.org.br\/index.php?rest_route=\/wp\/v2\/posts\/27593"}],"collection":[{"href":"https:\/\/obscom.intervozes.org.br\/index.php?rest_route=\/wp\/v2\/posts"}],"about":[{"href":"https:\/\/obscom.intervozes.org.br\/index.php?rest_route=\/wp\/v2\/types\/post"}],"author":[{"embeddable":true,"href":"https:\/\/obscom.intervozes.org.br\/index.php?rest_route=\/wp\/v2\/users\/1"}],"replies":[{"embeddable":true,"href":"https:\/\/obscom.intervozes.org.br\/index.php?rest_route=%2Fwp%2Fv2%2Fcomments&post=27593"}],"version-history":[{"count":0,"href":"https:\/\/obscom.intervozes.org.br\/index.php?rest_route=\/wp\/v2\/posts\/27593\/revisions"}],"wp:attachment":[{"href":"https:\/\/obscom.intervozes.org.br\/index.php?rest_route=%2Fwp%2Fv2%2Fmedia&parent=27593"}],"wp:term":[{"taxonomy":"category","embeddable":true,"href":"https:\/\/obscom.intervozes.org.br\/index.php?rest_route=%2Fwp%2Fv2%2Fcategories&post=27593"},{"taxonomy":"post_tag","embeddable":true,"href":"https:\/\/obscom.intervozes.org.br\/index.php?rest_route=%2Fwp%2Fv2%2Ftags&post=27593"}],"curies":[{"name":"wp","href":"https:\/\/api.w.org\/{rel}","templated":true}]}}