{"id":27591,"date":"2013-10-31T11:40:07","date_gmt":"2013-10-31T11:40:07","guid":{"rendered":"https:\/\/obscom.intervozes.org.br\/wordpress\/?p=27591"},"modified":"2013-10-31T11:40:07","modified_gmt":"2013-10-31T11:40:07","slug":"financiamento-de-midia-independente-e-discutido-na-camara","status":"publish","type":"post","link":"https:\/\/obscom.intervozes.org.br\/?p=27591","title":{"rendered":"Financiamento de m\u00eddia independente \u00e9 discutido na C\u00e2mara"},"content":{"rendered":"<p>A deputada Luciana Santos (PCdoB-PE) apresentou no dia 30 de outubro (quarta-feira), na Comiss&atilde;o de Ci&ecirc;ncia e Tecnologia, Comunica&ccedil;&atilde;o e Inform&aacute;tica da C&acirc;mara, um relat&oacute;rio com propostas para o financiamento de m&iacute;dia independente. O documento foi formulado por uma subcomiss&atilde;o, da qual a parlamentar foi a relatora, e que desde dezembro de 2011segue discutindo o tema. <\/p>\n<p>A relatora considerou que o texto final da subcomiss&atilde;o &eacute; uma &ldquo;repescagem da Confer&ecirc;ncia Nacional de Comunica&ccedil;&atilde;o (Confecom)&rdquo; e dos debates que t&ecirc;m sido feitos na C&acirc;mara. Segundo ela, espera-se com o documento apresentar &ldquo;proposi&ccedil;&otilde;es que reflitam o pensamento da casa e dos movimentos sociais sobre o assunto&rdquo;.<\/p>\n<p>A subcomiss&atilde;o, que realizou audi&ecirc;ncias p&uacute;blicas em Recife (PE) e Bras&iacute;lia (DF), considerou como eixos fundamentais do debate a venda de espa&ccedil;o publicit&aacute;rio das m&iacute;dias independentes e a cria&ccedil;&atilde;o de fundos de incentivo.&nbsp; O relat&oacute;rio conclui apresentando nove proposi&ccedil;&otilde;es, dentre sugest&otilde;es de projetos de lei, recomenda&ccedil;&otilde;es a &oacute;rg&atilde;os do poder executivo e a cria&ccedil;&atilde;o de uma &ldquo;Lei Rouanet da m&iacute;dia independente&rdquo;.<\/p>\n<p>Uma das propostas sugere a formula&ccedil;&atilde;o de um projeto de lei que garanta &ldquo;no m&iacute;nimo, 20% das verbas destinadas &agrave; publicidade dos Poderes Legislativo, Executivo e Judici&aacute;rio Federais em divulga&ccedil;&atilde;o por meio de emissoras de radiodifus&atilde;o comunit&aacute;ria, de radiodifus&atilde;o educativa e de ve&iacute;culos de comunica&ccedil;&atilde;o caracterizados como microempresa, empresa de pequeno porte ou empresa individual de responsabilidade limitada&rdquo;. Ainda de acordo com o relat&oacute;rio, a publicidade poderia ocupar at&eacute; 20% da irradia&ccedil;&atilde;o di&aacute;ria das emissoras comunit&aacute;rias. <\/p>\n<p>De acordo com o relat&oacute;rio, a refer&ecirc;ncia para as discuss&otilde;es foi a exist&ecirc;ncia de &ldquo;uma m&iacute;dia popular, que emerge de grupos da sociedade organizada, e que tem como principal objetivo promover novos canais de informa&ccedil;&atilde;o, que possam ampliar o acesso &agrave; informa&ccedil;&atilde;o e contribuir para a democratiza&ccedil;&atilde;o das comunica&ccedil;&otilde;es no Brasil&rdquo;. O conceito abrange emissoras de r&aacute;dio e TV comunit&aacute;rias e educativas; produtoras brasileiras regionais independentes; ve&iacute;culos de comunica&ccedil;&atilde;o de pequeno porte; al&eacute;m de alguns canais de programa&ccedil;&atilde;o de distribui&ccedil;&atilde;o obrigat&oacute;ria transmitidos por meio da televis&atilde;o por assinatura.<\/p>\n<p>A vota&ccedil;&atilde;o do relat&oacute;rio estava prevista para esta quarta, mas foi adiada, a pedido dos deputados Arolde de Oliveira (PSD-RJ) e Jorge Bittar (PT-RJ).&nbsp; <a href=\"[http:\/\/www.camara.gov.br\/proposicoesWeb\/prop_mostrarintegra;jsessionid=DC170D30D4E8EB9A9265AADF5E1B5461.node2?codteor=1169504&amp;filename=REL+2\/2013+CCTCI\">O relat&oacute;rio pode ser acessado na &iacute;ntegra na p&aacute;gina da C&acirc;mara.<br \/><\/a> <\/p>\n","protected":false},"excerpt":{"rendered":"<p>Documento sugere projeto de lei que direcione 20% da verba publicit&aacute;ria do poder p&uacute;blico para meios independentes. Relat&oacute;rio prev&ecirc; espa&ccedil;o publicit&aacute;rio em meios comunit&aacute;rios.<\/p>\n","protected":false},"author":1,"featured_media":0,"comment_status":"open","ping_status":"open","sticky":false,"template":"","format":"standard","meta":{"footnotes":""},"categories":[40],"tags":[526],"_links":{"self":[{"href":"https:\/\/obscom.intervozes.org.br\/index.php?rest_route=\/wp\/v2\/posts\/27591"}],"collection":[{"href":"https:\/\/obscom.intervozes.org.br\/index.php?rest_route=\/wp\/v2\/posts"}],"about":[{"href":"https:\/\/obscom.intervozes.org.br\/index.php?rest_route=\/wp\/v2\/types\/post"}],"author":[{"embeddable":true,"href":"https:\/\/obscom.intervozes.org.br\/index.php?rest_route=\/wp\/v2\/users\/1"}],"replies":[{"embeddable":true,"href":"https:\/\/obscom.intervozes.org.br\/index.php?rest_route=%2Fwp%2Fv2%2Fcomments&post=27591"}],"version-history":[{"count":0,"href":"https:\/\/obscom.intervozes.org.br\/index.php?rest_route=\/wp\/v2\/posts\/27591\/revisions"}],"wp:attachment":[{"href":"https:\/\/obscom.intervozes.org.br\/index.php?rest_route=%2Fwp%2Fv2%2Fmedia&parent=27591"}],"wp:term":[{"taxonomy":"category","embeddable":true,"href":"https:\/\/obscom.intervozes.org.br\/index.php?rest_route=%2Fwp%2Fv2%2Fcategories&post=27591"},{"taxonomy":"post_tag","embeddable":true,"href":"https:\/\/obscom.intervozes.org.br\/index.php?rest_route=%2Fwp%2Fv2%2Ftags&post=27591"}],"curies":[{"name":"wp","href":"https:\/\/api.w.org\/{rel}","templated":true}]}}