{"id":27589,"date":"2013-10-30T09:43:56","date_gmt":"2013-10-30T09:43:56","guid":{"rendered":"https:\/\/obscom.intervozes.org.br\/wordpress\/?p=27589"},"modified":"2013-10-30T09:43:56","modified_gmt":"2013-10-30T09:43:56","slug":"regulamentacao-das-radios-comunitarias-sera-tema-de-grupo-de-trabalho","status":"publish","type":"post","link":"https:\/\/obscom.intervozes.org.br\/?p=27589","title":{"rendered":"Regulamenta\u00e7\u00e3o das r\u00e1dios comunit\u00e1rias ser\u00e1 tema de grupo de trabalho"},"content":{"rendered":"<p>Um grupo de trabalho formado por parlamentares, entidades de r&aacute;dios comunit&aacute;rias e Minist&eacute;rio das Comunica&ccedil;&otilde;es dever&aacute; discutir uma proposta de regulamenta&ccedil;&atilde;o da legisla&ccedil;&atilde;o das r&aacute;dios comunit&aacute;rias.<\/p>\n<p>A decis&atilde;o foi tirada de audi&ecirc;ncia p&uacute;blica pedida pela deputada Luiza Erundina, do PSB de S&atilde;o Paulo, relatora de proposta (PDC 782\/12, do deputado Arnaldo Faria de S&aacute;, do PTB de S&atilde;o Paulo) que revoga portaria do minist&eacute;rio que estaria causando dificuldades de funcionamento para as emissoras comunit&aacute;rias.<\/p>\n<p>Os representantes das r&aacute;dios acusam o minist&eacute;rio de criar entraves &agrave;s comunit&aacute;rias ao mesmo tempo em que beneficia as r&aacute;dios comerciais.<\/p>\n<p>O coordenador-executivo da Associa&ccedil;&atilde;o Brasileira de Radiodifus&atilde;o Comunit&aacute;ria, Jos&eacute; S&oacute;ter, acusou o Minist&eacute;rio das Comunica&ccedil;&otilde;es de aumentar a cada dia as exig&ecirc;ncias para a concess&atilde;o de autoriza&ccedil;&atilde;o de funcionamento para as r&aacute;dios comunit&aacute;rias.<\/p>\n<p>As outras entidades foram ainda mais radicais e pediram um novo marco legal para o setor, que revogue a lei em vigor (Lei 9516\/98), de 15 anos atr&aacute;s.<\/p>\n<p>A representante da Associa&ccedil;&atilde;o Mundial de R&aacute;dios Comunit&aacute;rias, Ta&iacute;s Ladeira, afirmou que as 4.500 comunit&aacute;rias t&ecirc;m o que falar e devem ser respeitadas pelas autoridades, o que n&atilde;o estaria acontecendo nos &uacute;ltimos 10 anos.<\/p>\n<p>&quot;Falta vontade pol&iacute;tica de tratar a sociedade brasileira n&atilde;o empresarial com o respeito que ela merece e n&atilde;o com criminaliza&ccedil;&atilde;o e n&atilde;o com exclus&atilde;o e n&atilde;o com persegui&ccedil;&atilde;o. &Eacute; ponto pac&iacute;fico a necessidade de n&oacute;s n&atilde;o sermos tratados como pequenas, poucas e pobres. &Eacute; preciso ter uma democracia plena tamb&eacute;m na comunica&ccedil;&atilde;o.&quot;<\/p>\n<p>O representante do Movimento Nacional de R&aacute;dios Comunit&aacute;rias, Jerry de Oliveira, afirmou que o governo privilegia as r&aacute;dios comerciais e sequer dialoga com as comunit&aacute;rias. Ele acusa o minist&eacute;rio de querer acabar com as r&aacute;dios por meio de restri&ccedil;&otilde;es a sua sobreviv&ecirc;ncia econ&ocirc;mica, pol&iacute;tica e burocr&aacute;tica.<\/p>\n<p>&quot;O campo de concentra&ccedil;&atilde;o da radiodifus&atilde;o comunit&aacute;ria chama-se n&atilde;o direito &agrave; prote&ccedil;&atilde;o, canal &uacute;nico, n&atilde;o ao apoio cultural, a restri&ccedil;&atilde;o &agrave; publicidade e propaganda, Portaria 1\/2011, Decreto 2.615, Lei 9.612. Esse &eacute; o processo de exterm&iacute;nio decretado pelo estado brasileiro para a radiodifus&atilde;o comunit&aacute;ria.&quot;<\/p>\n<p>O representante do Minist&eacute;rio das Comunica&ccedil;&otilde;es, Oct&aacute;vio Pieranti, afirmou que as portarias e decretos apenas regulamentam a lei. Ele afirmou que todo o esfor&ccedil;o do minist&eacute;rio tem sido no sentido de acelerar a concess&atilde;o de outorgas e facilitar o processo burocr&aacute;tico para torn&aacute;-lo mais r&aacute;pido. Pieranti opinou que a simples revoga&ccedil;&atilde;o da regulamenta&ccedil;&atilde;o da lei poder&aacute; prejudicar justamente aqueles que pretende beneficiar.<\/p>\n<p>&quot;Mudan&ccedil;as estruturais na radiodifus&atilde;o comunit&aacute;ria no Pa&iacute;s dependem de altera&ccedil;&atilde;o na lei de radiodifus&atilde;o comunit&aacute;ria. Me parece que, sem nenhuma norma, n&atilde;o h&aacute; outorga de radiodifus&atilde;o comunit&aacute;ria. Ou seja, todos os processos em curso no Minist&eacute;rio das Comunica&ccedil;&otilde;es, me parece, teriam de ser arquivados.&quot;<\/p>\n<p>A deputada Luiza Erundina afirmou que &eacute; justamente esse o seu temor. Ela explicou que teme que a simples revoga&ccedil;&atilde;o crie um impasse legal sem solu&ccedil;&atilde;o. Por isso, defendeu que o grupo de trabalho elabore propostas de regulamenta&ccedil;&atilde;o do setor a partir das propostas j&aacute; existentes elaboradas pelas diversas entidades e pelo pr&oacute;prio minist&eacute;rio.<\/p>\n","protected":false},"excerpt":{"rendered":"<p>Radialistas comunit&aacute;rios querem revoga&ccedil;&atilde;o de marco legal do setor. Comunicadores populares acusam governo de beneficiar r&aacute;dios comerciais e dificultar a sobreviv&ecirc;ncia das comunit&aacute;rias<\/p>\n","protected":false},"author":1,"featured_media":0,"comment_status":"open","ping_status":"open","sticky":false,"template":"","format":"standard","meta":{"footnotes":""},"categories":[40],"tags":[230],"_links":{"self":[{"href":"https:\/\/obscom.intervozes.org.br\/index.php?rest_route=\/wp\/v2\/posts\/27589"}],"collection":[{"href":"https:\/\/obscom.intervozes.org.br\/index.php?rest_route=\/wp\/v2\/posts"}],"about":[{"href":"https:\/\/obscom.intervozes.org.br\/index.php?rest_route=\/wp\/v2\/types\/post"}],"author":[{"embeddable":true,"href":"https:\/\/obscom.intervozes.org.br\/index.php?rest_route=\/wp\/v2\/users\/1"}],"replies":[{"embeddable":true,"href":"https:\/\/obscom.intervozes.org.br\/index.php?rest_route=%2Fwp%2Fv2%2Fcomments&post=27589"}],"version-history":[{"count":0,"href":"https:\/\/obscom.intervozes.org.br\/index.php?rest_route=\/wp\/v2\/posts\/27589\/revisions"}],"wp:attachment":[{"href":"https:\/\/obscom.intervozes.org.br\/index.php?rest_route=%2Fwp%2Fv2%2Fmedia&parent=27589"}],"wp:term":[{"taxonomy":"category","embeddable":true,"href":"https:\/\/obscom.intervozes.org.br\/index.php?rest_route=%2Fwp%2Fv2%2Fcategories&post=27589"},{"taxonomy":"post_tag","embeddable":true,"href":"https:\/\/obscom.intervozes.org.br\/index.php?rest_route=%2Fwp%2Fv2%2Ftags&post=27589"}],"curies":[{"name":"wp","href":"https:\/\/api.w.org\/{rel}","templated":true}]}}