{"id":27581,"date":"2013-10-23T21:27:44","date_gmt":"2013-10-23T21:27:44","guid":{"rendered":"https:\/\/obscom.intervozes.org.br\/wordpress\/?p=27581"},"modified":"2013-10-23T21:27:44","modified_gmt":"2013-10-23T21:27:44","slug":"semana-da-democratizacao-da-comunicacao-agita-varios-estados-do-pais","status":"publish","type":"post","link":"https:\/\/obscom.intervozes.org.br\/?p=27581","title":{"rendered":"Semana da Democratiza\u00e7\u00e3o da Comunica\u00e7\u00e3o agita v\u00e1rios estados do pa\u00eds"},"content":{"rendered":"<p>A data &eacute; comemorada h&aacute; mais de dez anos no Brasil e neste ano ganhou for&ccedil;a com o Projeto de Lei da M&iacute;dia Democr&aacute;tica, a&ccedil;&atilde;o da sociedade civil que prop&otilde;e a regulamenta&ccedil;&atilde;o dos setores de r&aacute;dio e televis&otilde;es brasileiros. Al&eacute;m da coleta de assinaturas e divulga&ccedil;&atilde;o do projeto de lei, durante toda a semana foram realizadas dezenas de atividades em v&aacute;rios estados brasileiros para debater o direito &agrave; comunica&ccedil;&atilde;o e a liberdade de express&atilde;o.<\/p>\n<p>Para colocar o tema em destaque, entidades da sociedade civil realizaram atos p&uacute;blicos, debates, coletas p&uacute;blicas de assinaturas, a&ccedil;&otilde;es culturais, palestras, semin&aacute;rios e outros.&nbsp; Oficialmente comemorada entre os dias 13 e 20 de outubro, a semana contar&aacute; com atividades at&eacute; o dia 26.<\/p>\n<p>O projeto de inciativa popular, instrumento da campanha Para Expressar a Liberdade, tem o apoio de centenas de entidades da sociedade civil e do movimento social. Foi lan&ccedil;ado nacionalmente em agosto deste ano no Congresso Nacional com o objetivo de garantir a diversidade e a pluralidade na m&iacute;dia e, dentre outros, pro&iacute;be a concess&atilde;o de emissoras de r&aacute;dio e TVs para pol&iacute;ticos e a exist&ecirc;ncia dos monop&oacute;lios e oligop&oacute;lios dos meios de comunica&ccedil;&atilde;o, princ&iacute;pios j&aacute; garantidos pela Constitui&ccedil;&atilde;o Federal Brasileira.<\/p>\n<p>Veja algumas atividades em destaque nos estados:<\/p>\n<p>DISTRITO FEDERAL<\/p>\n<p>Coleta de Assinaturas na Rodovi&aacute;ria de Bras&iacute;lia. Foto: M&iacute;dia Ninja.A semana em Bras&iacute;lia come&ccedil;ou com o lan&ccedil;amento do livro &ldquo;O Pr&iacute;ncipe da Privataria&rdquo;, do escritor Palm&eacute;rio D&oacute;ria. O evento, realizado no Sindicato dos Banc&aacute;rios no dia 15, contou com a media&ccedil;&atilde;o da coordenadora do Bar&atilde;o de Itarar&eacute; no Distrito Federal, S&ocirc;nia Correa, do jornalista da Carta Capital, Leandro Fortes e de Wescly Queiroz,dirigente do Sindicato.<\/p>\n<p>Na quarta (16) militantes pela democratiza&ccedil;&atilde;o da comunica&ccedil;&atilde;o realizaram um ato no Pal&aacute;cio do Buriti, sede do governo do Distrito Federal, em Bras&iacute;lia, para cobrar a cria&ccedil;&atilde;o do Conselho de Comunica&ccedil;&atilde;o do DF. Mais de um ano ap&oacute;s a realiza&ccedil;&atilde;o do 1&ordm; Semin&aacute;rio de Comunica&ccedil;&atilde;o P&uacute;blica do Distrito Federal, a sociedade ainda aguarda a implanta&ccedil;&atilde;o do &oacute;rg&atilde;o, que foi uma das resolu&ccedil;&otilde;es do evento e promessa do governo local. A semana terminou para os brasilienses com a coleta de assinaturas da Lei da M&iacute;dia Democr&aacute;tica na rodovi&aacute;ria do Plano Piloto.<\/p>\n<p>MINAS GERAIS<\/p>\n<p>Os mineiros contaram com v&aacute;rios momentos de coleta de assinaturas de Lei da M&iacute;dia Democr&aacute;tica, a primeira realizada no evento de lan&ccedil;amento do jornal O Cometa. No dia 18, aconteceu a Plen&aacute;ria &ldquo;A luta pela democratiza&ccedil;&atilde;o da m&iacute;dia em Minas Gerais, seus atores e o Marco Regulat&oacute;rio&quot;, no Audit&oacute;rio Sindicato do Com&eacute;rcio, e tamb&eacute;m o lan&ccedil;amento do livro &quot;O Brasil&quot;, do&nbsp; jornalista Mino Carta, da Carta Capital, que, na ocasi&atilde;o, assinou o projeto de Lei da M&iacute;dia Democr&aacute;tica.<\/p>\n<p>Belo Horizonte encerra as suas atividades somente no dia 26 de outubro, com a coleta de assinaturas durante o lan&ccedil;amento do livro &quot;Liberdade de Express&atilde;o&quot;, organizado pelos professores Juarez Guimar&atilde;es e Ven&iacute;cio Lima. <\/p>\n<p>PARA&Iacute;BA<\/p>\n<p>Jo&atilde;o Pessoa contou com uma extensa programa&ccedil;&atilde;o da&nbsp; VII Semana pela Democratiza&ccedil;&atilde;o da Comunica&ccedil;&atilde;o, entre os dias 14 a 18 de, com o tema &quot;Coronelismo Eletr&ocirc;nico &#8211; Pol&iacute;tica no ar e no sangue&quot;. Realizado pelo COMjunto, o Observat&oacute;rio da M&iacute;dia Paraibana, o Projeto Cinest&eacute;sico e o Peic (Eco\/UFRJ), contou com debates, lan&ccedil;amento do livro &quot;M&iacute;dia Paraibana em Debate: Comunica&ccedil;&atilde;o, Cultura e Pol&iacute;tica&quot;, atos culturais e oficinas. <\/p>\n<p>PERNAMBUCO<\/p>\n<p>A Lei da M&iacute;dia Democr&aacute;tica foi amplamente divulgada durante a Semana Nacional pela Democratiza&ccedil;&atilde;o em Recife, Pernambuco. Entidades que lutam pela democratiza&ccedil;&atilde;o da comunica&ccedil;&atilde;o no estado, como a Fopecom, realizaram conversas sobre o direito &agrave; comunica&ccedil;&atilde;o e a&ccedil;&otilde;es culturais no Marco Zero e coletaram assinaturas durante o Festival musical Coquetel Molotov. Diariamente foi veiculado, na r&aacute;dio Universit&aacute;ria FM, o Programa &ldquo;Para Expressar a Liberdade&rdquo;, com temas relacionados &agrave; democratiza&ccedil;&atilde;o da comunica&ccedil;&atilde;o no pa&iacute;s.<\/p>\n<p>Tamb&eacute;m foi realizada uma oficina gratuita sobre o direito &agrave; comunica&ccedil;&atilde;o e os movimentos Levante Popular da Juventude e a RejajoC fizeram ato pela democratiza&ccedil;&atilde;o da comunica&ccedil;&atilde;o na cidade, assim como no Dia &ldquo;C&rdquo;, dia da juventude comunicativa.<\/p>\n<p>RIO DE JANEIRO<\/p>\n<p>Reuni&atilde;o com os relatores para a liberdade de express&atilde;o da ONU, Frank La Rue,e da OEA, Catalina Botero, no Rio de Janeiro. A capital fluminense abriu a semana com uma reuni&atilde;o dos relatores para a liberdade de express&atilde;o da ONU, Frank La Rue,e da OEA, Catalina Botero, no Sindicato dos Petroleiros, no domingo. Estiveram presentes entidades ligadas ao movimento de democratiza&ccedil;&atilde;o e de defesa do direito &agrave; comunica&ccedil;&atilde;o e de outros setores, como os profissionais da educa&ccedil;&atilde;o do munic&iacute;pio em greve na capital fluminense.<\/p>\n<p>Durante a reuni&atilde;o, La Rue considerou importante o fortalecimento dos mecanismos internos de promo&ccedil;&atilde;o da liberdade de express&atilde;o e Botero defendeu a &ldquo;necessidade de uma radiodifus&atilde;o livre e diversa&rdquo;. As organiza&ccedil;&otilde;es se pronunciaram e entregaram relat&oacute;rios sobre casos de viola&ccedil;&otilde;es do direito &agrave; liberdade de express&atilde;o. <\/p>\n<p>O Rio contou tamb&eacute;m um debate sobre o Financiamento da M&iacute;dia Comunit&aacute;ria e Alternativa, com o&nbsp; 2&ordm; Semin&aacute;rio Livre pela Democratiza&ccedil;&atilde;o da M&iacute;dia, assim como uma aula p&uacute;blica sobre o Direito &agrave; Comunica&ccedil;&atilde;o e Liberdade na Internet. Na sexta (18), aconteceu o lan&ccedil;amento da pesquisa da Funda&ccedil;&atilde;o Perseu Abramo sobre a Democratiza&ccedil;&atilde;o da M&iacute;dia.<\/p>\n<p>No s&aacute;bado, o coletivo Intervozes reuniu militantes pela democratiza&ccedil;&atilde;o da comunica&ccedil;&atilde;o em um bate papo no Parque das Ru&iacute;nas, em Santa Tereza, para comemorar seus 10 anos de luta pelo direito &agrave; comunica&ccedil;&atilde;o. Compareceram mais de 70 ativistas e militantes, do Intervozes e de entidades parceiras de v&aacute;rios estados para um bate papo sobre a luta pelo direito &agrave; comunica&ccedil;&atilde;o nos anos de atua&ccedil;&atilde;o do coletivo e tamb&eacute;m sobre as perspectivas do futuro.<\/p>\n<p>Ainda no dia 22, est&aacute; previsto um ato pela valoriza&ccedil;&atilde;o profissional e democratiza&ccedil;&atilde;o da m&iacute;dia, com um protesto em frente &agrave; Rede Globo. <\/p>\n<p>S&Atilde;O PAULO<\/p>\n<p>O professor e ativista S&eacute;rgio Amadeu d&aacute; entrevista no ato pela internet livre, em SP. Foto: Marco Civil J&aacute;! Ativistas pela democratiza&ccedil;&atilde;o da comunica&ccedil;&atilde;o realizaram na&nbsp; C&acirc;mara Municipal de S&atilde;o Paulo em S&atilde;o Paulo, o ato de lan&ccedil;amento da Lei da M&iacute;dia Democr&aacute;tica no estado, quando tamb&eacute;m foi divulgada a pesquisa do Instituto Patr&iacute;cia Galv&atilde;o sobre concess&otilde;es de r&aacute;dio e TVs &agrave; pol&iacute;ticos, que mostra que 63% dos entrevistados acham que parlamentares n&atilde;o poderiam ser donos desses meios de comunica&ccedil;&atilde;o.<\/p>\n<p>Na ter&ccedil;a, em S&atilde;o Paulo, dezenas de militantes se reuniram em frente &agrave; Vivo\/Telef&ocirc;nica em ato de apoio ao Marco Civil da Internet, pela liberdade na rede.<\/p>\n<p>PAR&Aacute; E RIO GRANDE DO SUL<\/p>\n<p>Em Bel&eacute;m foram coletadas assinaturas durante o Auto do C&iacute;rio de Nazar&eacute;, no centro de Bel&eacute;m, e no domingo, na Pra&ccedil;a da Rep&uacute;blica.&nbsp; Em Pelotas, Rio Grande do Sul, foi criado um novo Comit&ecirc; do F&oacute;rum Nacional pela Democratiza&ccedil;&atilde;o da Comunica&ccedil;&atilde;o e coletadas assinaturas para a Lei da M&iacute;dia Democr&aacute;tica.<\/p>\n","protected":false},"excerpt":{"rendered":"<p>Entidades da sociedade civil realizaram atos, debates e a&ccedil;&otilde;es culturais em v&aacute;rias cidades. Assinaturas para o Projeto de Lei da M&iacute;dia Democr&aacute;tica foram coletadas em diversas atividades.<\/p>\n","protected":false},"author":1,"featured_media":0,"comment_status":"open","ping_status":"open","sticky":false,"template":"","format":"standard","meta":{"footnotes":""},"categories":[40],"tags":[830],"_links":{"self":[{"href":"https:\/\/obscom.intervozes.org.br\/index.php?rest_route=\/wp\/v2\/posts\/27581"}],"collection":[{"href":"https:\/\/obscom.intervozes.org.br\/index.php?rest_route=\/wp\/v2\/posts"}],"about":[{"href":"https:\/\/obscom.intervozes.org.br\/index.php?rest_route=\/wp\/v2\/types\/post"}],"author":[{"embeddable":true,"href":"https:\/\/obscom.intervozes.org.br\/index.php?rest_route=\/wp\/v2\/users\/1"}],"replies":[{"embeddable":true,"href":"https:\/\/obscom.intervozes.org.br\/index.php?rest_route=%2Fwp%2Fv2%2Fcomments&post=27581"}],"version-history":[{"count":0,"href":"https:\/\/obscom.intervozes.org.br\/index.php?rest_route=\/wp\/v2\/posts\/27581\/revisions"}],"wp:attachment":[{"href":"https:\/\/obscom.intervozes.org.br\/index.php?rest_route=%2Fwp%2Fv2%2Fmedia&parent=27581"}],"wp:term":[{"taxonomy":"category","embeddable":true,"href":"https:\/\/obscom.intervozes.org.br\/index.php?rest_route=%2Fwp%2Fv2%2Fcategories&post=27581"},{"taxonomy":"post_tag","embeddable":true,"href":"https:\/\/obscom.intervozes.org.br\/index.php?rest_route=%2Fwp%2Fv2%2Ftags&post=27581"}],"curies":[{"name":"wp","href":"https:\/\/api.w.org\/{rel}","templated":true}]}}