{"id":27579,"date":"2013-10-17T20:37:49","date_gmt":"2013-10-17T20:37:49","guid":{"rendered":"https:\/\/obscom.intervozes.org.br\/wordpress\/?p=27579"},"modified":"2013-10-17T20:37:49","modified_gmt":"2013-10-17T20:37:49","slug":"ministra-propoe-ampliar-proposta-de-protecao-a-jornalistas","status":"publish","type":"post","link":"https:\/\/obscom.intervozes.org.br\/?p=27579","title":{"rendered":"Ministra prop\u00f5e ampliar proposta de prote\u00e7\u00e3o a jornalistas"},"content":{"rendered":"<p>A ministra da Secretaria dos Direitos Humanos (SDH), Maria do Ros&aacute;rio, defendeu no dia 15&nbsp; (ter&ccedil;a) a federaliza&ccedil;&atilde;o dos crimes contra os direitos humanos durante o Col&oacute;quio sobre Medidas Nacionais e Internacionais para a Prote&ccedil;&atilde;o de Profissionais de Comunica&ccedil;&atilde;o, realizado no Rio de Janeiro. Presente no evento, a Unesco apresentou um plano de trabalho e indicadores de seguran&ccedil;a de jornalistas.<\/p>\n<p>Tramita atualmente na C&acirc;mara o Projeto de Lei 1078\/11, de autoria do deputado Prot&oacute;genes Queiroz (PCdoB\/SP) que considera assunto da pol&iacute;cia federal os crimes &ldquo;contra a atividade jornal&iacute;stica&rdquo;. O Conselho de Comunica&ccedil;&atilde;o Social, &oacute;rg&atilde;o consultivo do Senado, j&aacute; declarou seu apoio &agrave; proposta. <\/p>\n<p>A declara&ccedil;&atilde;o da ministra prop&otilde;e que a press&atilde;o pol&iacute;tica dos jornalistas pela aprova&ccedil;&atilde;o da lei extrapole o corporativismo e se articule com o movimento em defesa dos direitos humanos de uma forma geral. Maria do Ros&aacute;rio relacionou os assassinatos de jornalistas com a forma&ccedil;&atilde;o de grupos de exterm&iacute;nio, que vitimam comunicadores, defensores dos direitos humanos e diversos outros grupos. Segundo ela, o grupo de trabalho da SDH que trata da viol&ecirc;ncia contra jornalistas &ldquo;dever&aacute; propor medidas espec&iacute;ficas contra jornalistas e os grupos de exterm&iacute;nio&rdquo;.<\/p>\n<p>O discurso da ministra &eacute; refor&ccedil;ado pela posi&ccedil;&atilde;o defendida pela organiza&ccedil;&atilde;o Artigo 19, que investiga casos de viol&ecirc;ncia contra jornalistas e defensores dos direitos humanos. No ano anterior, o Brasil esteve no ranking entre os 10 pa&iacute;ses com maior n&uacute;mero de assassinatos de profissionais de imprensa. O n&uacute;mero de ativistas dos direitos humanos, por&eacute;m, teria sido maior, embora n&atilde;o haja um ranking espec&iacute;fico para se fazer compara&ccedil;&atilde;o. Neste &uacute;ltimo ano, j&aacute; s&atilde;o oito o n&uacute;mero de casos investigados para jornalistas e nove para militantes de direitos humanos.<\/p>\n<p>Existe atualmente uma emenda constitucional de 2004 que institui o Incidente de Deslocamento de Compet&ecirc;ncia (que seria o nome t&eacute;cnico da federaliza&ccedil;&atilde;o). A transfer&ecirc;ncia em casos graves de viola&ccedil;&otilde;es de direitos humanos que representem risco de descumprimento de obriga&ccedil;&otilde;es assumidas por tratados internacionais firmados pelo Brasil, no entanto, precisa da autoriza&ccedil;&atilde;o pelo Superior Tribunal de Justi&ccedil;a.<\/p>\n","protected":false},"excerpt":{"rendered":"<p>Maria do Ros&aacute;rio defendeu que a federaliza&ccedil;&atilde;o de crimes n&atilde;o se restrinja aos que se dirigem aos jornalistas, e sim contra os direitos humanos<\/p>\n","protected":false},"author":1,"featured_media":0,"comment_status":"open","ping_status":"open","sticky":false,"template":"","format":"standard","meta":{"footnotes":""},"categories":[40],"tags":[291],"_links":{"self":[{"href":"https:\/\/obscom.intervozes.org.br\/index.php?rest_route=\/wp\/v2\/posts\/27579"}],"collection":[{"href":"https:\/\/obscom.intervozes.org.br\/index.php?rest_route=\/wp\/v2\/posts"}],"about":[{"href":"https:\/\/obscom.intervozes.org.br\/index.php?rest_route=\/wp\/v2\/types\/post"}],"author":[{"embeddable":true,"href":"https:\/\/obscom.intervozes.org.br\/index.php?rest_route=\/wp\/v2\/users\/1"}],"replies":[{"embeddable":true,"href":"https:\/\/obscom.intervozes.org.br\/index.php?rest_route=%2Fwp%2Fv2%2Fcomments&post=27579"}],"version-history":[{"count":0,"href":"https:\/\/obscom.intervozes.org.br\/index.php?rest_route=\/wp\/v2\/posts\/27579\/revisions"}],"wp:attachment":[{"href":"https:\/\/obscom.intervozes.org.br\/index.php?rest_route=%2Fwp%2Fv2%2Fmedia&parent=27579"}],"wp:term":[{"taxonomy":"category","embeddable":true,"href":"https:\/\/obscom.intervozes.org.br\/index.php?rest_route=%2Fwp%2Fv2%2Fcategories&post=27579"},{"taxonomy":"post_tag","embeddable":true,"href":"https:\/\/obscom.intervozes.org.br\/index.php?rest_route=%2Fwp%2Fv2%2Ftags&post=27579"}],"curies":[{"name":"wp","href":"https:\/\/api.w.org\/{rel}","templated":true}]}}