{"id":27578,"date":"2013-10-17T11:34:12","date_gmt":"2013-10-17T11:34:12","guid":{"rendered":"https:\/\/obscom.intervozes.org.br\/wordpress\/?p=27578"},"modified":"2013-10-17T11:34:12","modified_gmt":"2013-10-17T11:34:12","slug":"dez-anos-de-luta-pela-democratizacao-da-comunicacao","status":"publish","type":"post","link":"https:\/\/obscom.intervozes.org.br\/?p=27578","title":{"rendered":"Dez anos de luta pela democratiza\u00e7\u00e3o da comunica\u00e7\u00e3o"},"content":{"rendered":"<p>Dizem as boas pesquisas e consolidados bord&otilde;es ligados &agrave; democratiza&ccedil;&atilde;o da comunica&ccedil;&atilde;o que 9 fam&iacute;lias controlam a m&iacute;dia no Brasil, o que pode ser veiculado, assistido, acessado.<\/p>\n<p>Hoje, pode-se dizer que n&atilde;o s&atilde;o mais exatamente 9 fam&iacute;lias &#8211; talvez sejam 7, podem ser 10. &Eacute; preciso lembrar que figuras estrangeiras, por meios legais e outros nem tanto, tamb&eacute;m j&aacute; reservam seu quinh&atilde;o na comunica&ccedil;&atilde;o brasileira. As empresas de telecom, ap&oacute;s toda a generosidade que marcou as privatiza&ccedil;&otilde;es, tamb&eacute;m se assanham com outras belezas do mercado nacional. E at&eacute; a equipe do Excelent&iacute;ssimo Sr. Presidente dos Estados Unidos j&aacute; tira a sua casquinha. Por outro lado, muito al&eacute;m do Cidad&atilde;o Kane, nem tudo mais &eacute; controlado, distorcido, concentrado.<\/p>\n<p>Nos &uacute;ltimos dez anos, a concentra&ccedil;&atilde;o aumentou junto com a converg&ecirc;ncia midi&aacute;tica e com a abertura do mercado nacional para o capital estrangeiro. Vimos, por exemplo, a Oi e a Portugal Telecom virarem uma s&oacute; empresa e a SKY comprar a DirecTV. As empresas do setor cresceram em influ&ecirc;ncia econ&ocirc;mica e mantiveram o poderia pol&iacute;tico. Mas, por outro lado, a internet e o barateamento das tecnologias multiplicaram os produtores de comunica&ccedil;&atilde;o. E movimentos sociais e demais organiza&ccedil;&otilde;es da sociedade civil intensificaram a press&atilde;o para que a comunica&ccedil;&atilde;o seja tomada como um direito humano.<\/p>\n<p>&Eacute; neste contexto que o Intervozes- Coletivo Brasil de Comunica&ccedil;&atilde;o Social se insere.<\/p>\n<p>Em 10 anos de exist&ecirc;ncia, o Intervozes se soma aos anseios de constru&ccedil;&atilde;o de um pa&iacute;s em que a comunica&ccedil;&atilde;o n&atilde;o seja um ambiente monopolizado. Mas as perspectivas se tornaram maiores, acompanhando o crescimento do movimento de comunica&ccedil;&atilde;o. Almeja-se diversidade e pluralidade. Objetiva-se a efetiva&ccedil;&atilde;o do direito &agrave; comunica&ccedil;&atilde;o, a busca por uma sociedade mais justa, solid&aacute;ria e igual, entre tantas outras expectativas delineadas pelo Coletivo em sua Carta de Princ&iacute;pios.<\/p>\n<p>Neste s&aacute;bado (19\/10), o Intervozes promove uma roda de conversa com diversos atores que viveram as transforma&ccedil;&otilde;es da luta pela democratiza&ccedil;&atilde;o da comunica&ccedil;&atilde;o. A partir das 14h30, o Centro Cultural Municipal Parque das Ru&iacute;nas, no Rio de Janeiro, ser&aacute; sede do encontro de v&aacute;rias gera&ccedil;&otilde;es que se unem para avaliar as lutas dos &uacute;ltimos 10 anos, mas tamb&eacute;m para refletir sobre as perspectivas do movimento pelo direito &agrave; comunica&ccedil;&atilde;o para os anos vindouros. No mesmo dia, a partir das 22h, um grande momento de confraterniza&ccedil;&atilde;o ser&aacute; realizado no Centro de Arte Maria Teresa Vieira, tamb&eacute;m no Rio de Janeiro.<\/p>\n<p>Nesse sentido, imposs&iacute;vel n&atilde;o destacar o simbolismo de os debates &ndash; e a festa &ndash; acontecerem no Rio de Janeiro. Rio de contrastes, de todas as classes, povos, ra&ccedil;as e cores. De inigual&aacute;vel elite, e sua formosa V&ecirc;nus Platinada. Das manifesta&ccedil;&otilde;es sociais em profus&atilde;o, novas m&iacute;dias, ninja e comunidade, da pol&iacute;cia equipada, brutal repress&atilde;o.<\/p>\n<p>Se por um lado pode soar interessante a reflex&atilde;o a respeito de como o Intervozes foi se transformando a partir dessas mudan&ccedil;as, se renovando e se recriando, o que &eacute; realmente not&aacute;vel, contudo, &eacute; perceber as transforma&ccedil;&otilde;es experimentadas pela sociedade, pelas comunica&ccedil;&otilde;es, pelas possibilidades futuras que essa &aacute;rea ainda poder&aacute; registrar.<\/p>\n<p>Assim, revisitar um pouquinho de cada momento dessa hist&oacute;ria do Coletivo, reunida no <a href=\"http:\/\/intervozes.org.br\/10anos\/\">site que registra os seus 10 anos<\/a> , &eacute; tamb&eacute;m rememorar um pouquinho da hist&oacute;ria do pa&iacute;s, das comunica&ccedil;&otilde;es, do muito que j&aacute; foi feito nessa luta, do tanto que sempre estar&aacute; por fazer.<\/p>\n","protected":false},"excerpt":{"rendered":"<p>O Rio de Janeiro ser&aacute; sede de roda de conversa com ativistas que viveram as transforma&ccedil;&otilde;es das comunica&ccedil;&otilde;es nos &uacute;ltimos dez anos. A atividade &eacute; parte dos 10 anos do Intervozes.<\/p>\n","protected":false},"author":1,"featured_media":0,"comment_status":"open","ping_status":"open","sticky":false,"template":"","format":"standard","meta":{"footnotes":""},"categories":[42],"tags":[1772],"_links":{"self":[{"href":"https:\/\/obscom.intervozes.org.br\/index.php?rest_route=\/wp\/v2\/posts\/27578"}],"collection":[{"href":"https:\/\/obscom.intervozes.org.br\/index.php?rest_route=\/wp\/v2\/posts"}],"about":[{"href":"https:\/\/obscom.intervozes.org.br\/index.php?rest_route=\/wp\/v2\/types\/post"}],"author":[{"embeddable":true,"href":"https:\/\/obscom.intervozes.org.br\/index.php?rest_route=\/wp\/v2\/users\/1"}],"replies":[{"embeddable":true,"href":"https:\/\/obscom.intervozes.org.br\/index.php?rest_route=%2Fwp%2Fv2%2Fcomments&post=27578"}],"version-history":[{"count":0,"href":"https:\/\/obscom.intervozes.org.br\/index.php?rest_route=\/wp\/v2\/posts\/27578\/revisions"}],"wp:attachment":[{"href":"https:\/\/obscom.intervozes.org.br\/index.php?rest_route=%2Fwp%2Fv2%2Fmedia&parent=27578"}],"wp:term":[{"taxonomy":"category","embeddable":true,"href":"https:\/\/obscom.intervozes.org.br\/index.php?rest_route=%2Fwp%2Fv2%2Fcategories&post=27578"},{"taxonomy":"post_tag","embeddable":true,"href":"https:\/\/obscom.intervozes.org.br\/index.php?rest_route=%2Fwp%2Fv2%2Ftags&post=27578"}],"curies":[{"name":"wp","href":"https:\/\/api.w.org\/{rel}","templated":true}]}}