{"id":27576,"date":"2013-10-16T09:50:40","date_gmt":"2013-10-16T09:50:40","guid":{"rendered":"https:\/\/obscom.intervozes.org.br\/wordpress\/?p=27576"},"modified":"2013-10-16T09:50:40","modified_gmt":"2013-10-16T09:50:40","slug":"semana-pela-democratizacao-da-comunicacao-deve-intensificar-luta-por-mudancas","status":"publish","type":"post","link":"https:\/\/obscom.intervozes.org.br\/?p=27576","title":{"rendered":"Semana pela Democratiza\u00e7\u00e3o da Comunica\u00e7\u00e3o deve intensificar luta por mudan\u00e7as"},"content":{"rendered":"<p>Dia 17 de outubro &eacute; o Dia Nacional de Luta pela Democratiza&ccedil;&atilde;o da Comunica&ccedil;&atilde;o. A data, comemorada desde o in&iacute;cio dos anos 2000, est&aacute; relacionada ao Media Democracy Day, que, em diversos pa&iacute;ses, ocorre no dia 18 de outubro, em alus&atilde;o &agrave; funda&ccedil;&atilde;o da rede brit&acirc;nica BBC, considerada modelo de sistema p&uacute;blico de comunica&ccedil;&atilde;o.<\/p>\n<p>O dia escolhido para marcar essa luta, no Brasil, pode ter sido fruto de um equ&iacute;voco. Mas, talvez por uma dessas artimanhas da hist&oacute;ria, a mudan&ccedil;a acabou conferindo &agrave; comemora&ccedil;&atilde;o brasileira um diferencial. Afinal, o mesmo 17 de outubro foi consagrado como o Dia Internacional pela Erradica&ccedil;&atilde;o da Pobreza pela Organiza&ccedil;&atilde;o das Na&ccedil;&otilde;es Unidas (ONU). E o que comunica&ccedil;&atilde;o tem a ver com pobreza? Tudo. O oligop&oacute;lio dos meios de comunica&ccedil;&atilde;o &eacute; um dos (re)produtores da concentra&ccedil;&atilde;o de poder pol&iacute;tico e econ&ocirc;mico que marca nosso pa&iacute;s.<\/p>\n<p>Apenas em 2012, o lucro l&iacute;quido da Globo foi de&nbsp; R$ 2,94 bilh&otilde;es, valor 36% maior do que o resultado do ano anterior, de R$ 2,16 bilh&otilde;es, de acordo com balan&ccedil;o divulgado pela pr&oacute;pria empresa. O montante &eacute; o sexto maior do Brasil entre empresas n&atilde;o financeiras. Fica atr&aacute;s apenas da Petrobras, Vale, Telef&ocirc;nica\/Vivo, Ambev e Cemig. E n&atilde;o s&oacute; os n&uacute;meros explicam a pobreza brasileira. A aus&ecirc;ncia de diversidade na m&iacute;dia tamb&eacute;m produz pobreza ao invisibilizar as desigualdades sociais ou ao naturaliz&aacute;-las. Isso para n&atilde;o falar na pobreza cultural dos programas de audit&oacute;rio repletos de estere&oacute;tipos e de humor &agrave; base de opress&atilde;o.<\/p>\n<p>Para dar &agrave; luta pela democratiza&ccedil;&atilde;o da comunica&ccedil;&atilde;o a dimens&atilde;o que ela tem para a sociedade brasileira, desde 2003 tem sido articulada a Semana Nacional pela Democratiza&ccedil;&atilde;o da Comunica&ccedil;&atilde;o. A iniciativa busca unificar esfor&ccedil;os de distintos grupos &#8211; estudantes, profissionais, sindicatos e organiza&ccedil;&otilde;es culturais &#8211; e fortalecer a luta por mudan&ccedil;as estruturais que sejam capazes de dar outro sentido aos meios de comunica&ccedil;&atilde;o no pa&iacute;s, fortalecendo a democracia, distribuindo renda e poder.<\/p>\n<p>Este ano, em que a sociedade civil est&aacute; mobilizada em torno do Projeto de Lei de Iniciativa Popular da M&iacute;dia Democr&aacute;tica, a data ganha mais relev&acirc;ncia. Movimentos sociais e organiza&ccedil;&otilde;es de v&aacute;rios estados ir&atilde;o &agrave;s ruas, entre os dias 13 e 20 deste m&ecirc;s, fortalecer a luta por um novo marco regulat&oacute;rio das comunica&ccedil;&otilde;es e ampliar a coleta de assinaturas em apoio ao projeto de lei. Integram a agenda de mobiliza&ccedil;&otilde;es: lan&ccedil;amentos do PL; um ato pela Internet Livre em frente &agrave; VIVO\/Telef&ocirc;nica, em S&atilde;o Paulo; debate com os relatores pela liberdade de express&atilde;o, Frank La Rue (ONU) e Catalina Botero (OEA), no Rio de Janeiro; al&eacute;m discuss&otilde;es sobre o direito &agrave; comunica&ccedil;&atilde;o e &agrave; liberdade de express&atilde;o, lan&ccedil;amentos de livros, passeatas e a&ccedil;&otilde;es culturais.<\/p>\n<p>Para se somar &agrave;s mobiliza&ccedil;&otilde;es, basta seguir a programa&ccedil;&atilde;o divulgada pelos movimentos sociais. A atualiza&ccedil;&atilde;o das informa&ccedil;&otilde;es est&aacute; dispon&iacute;vel na <a href=\"http:\/\/fndc.org.br\/\">p&aacute;gina do F&oacute;rum Nacional pela Democratiza&ccedil;&atilde;o da Comunica&ccedil;&atilde;o.<\/a> <\/p>\n","protected":false},"excerpt":{"rendered":"<p>Entre os dias 13 e 20 de outubro, ser&aacute; realizada mais uma Semana Nacional pela Democratiza&ccedil;&atilde;o da Comunica&ccedil;&atilde;o. As atividades fortalecer&atilde;o a mobiliza&ccedil;&atilde;o em torno do PL da M&iacute;dia Democr&aacute;tica<\/p>\n","protected":false},"author":1,"featured_media":0,"comment_status":"open","ping_status":"open","sticky":false,"template":"","format":"standard","meta":{"footnotes":""},"categories":[42],"tags":[1772],"_links":{"self":[{"href":"https:\/\/obscom.intervozes.org.br\/index.php?rest_route=\/wp\/v2\/posts\/27576"}],"collection":[{"href":"https:\/\/obscom.intervozes.org.br\/index.php?rest_route=\/wp\/v2\/posts"}],"about":[{"href":"https:\/\/obscom.intervozes.org.br\/index.php?rest_route=\/wp\/v2\/types\/post"}],"author":[{"embeddable":true,"href":"https:\/\/obscom.intervozes.org.br\/index.php?rest_route=\/wp\/v2\/users\/1"}],"replies":[{"embeddable":true,"href":"https:\/\/obscom.intervozes.org.br\/index.php?rest_route=%2Fwp%2Fv2%2Fcomments&post=27576"}],"version-history":[{"count":0,"href":"https:\/\/obscom.intervozes.org.br\/index.php?rest_route=\/wp\/v2\/posts\/27576\/revisions"}],"wp:attachment":[{"href":"https:\/\/obscom.intervozes.org.br\/index.php?rest_route=%2Fwp%2Fv2%2Fmedia&parent=27576"}],"wp:term":[{"taxonomy":"category","embeddable":true,"href":"https:\/\/obscom.intervozes.org.br\/index.php?rest_route=%2Fwp%2Fv2%2Fcategories&post=27576"},{"taxonomy":"post_tag","embeddable":true,"href":"https:\/\/obscom.intervozes.org.br\/index.php?rest_route=%2Fwp%2Fv2%2Ftags&post=27576"}],"curies":[{"name":"wp","href":"https:\/\/api.w.org\/{rel}","templated":true}]}}