{"id":27575,"date":"2013-10-15T13:06:58","date_gmt":"2013-10-15T13:06:58","guid":{"rendered":"https:\/\/obscom.intervozes.org.br\/wordpress\/?p=27575"},"modified":"2014-09-07T03:03:21","modified_gmt":"2014-09-07T03:03:21","slug":"relatores-de-orgaos-internacionais-recebem-denuncias-durante-visita-ao-brasil","status":"publish","type":"post","link":"https:\/\/obscom.intervozes.org.br\/?p=27575","title":{"rendered":"Relatores de \u00f3rg\u00e3os internacionais recebem den\u00fancias durante visita ao Brasil"},"content":{"rendered":"<p>De volta ao Brasil, o relator especial para promo&ccedil;&atilde;o e prote&ccedil;&atilde;o do direito &agrave; liberdade de opini&atilde;o e express&atilde;o da Organiza&ccedil;&atilde;o das Na&ccedil;&otilde;es Unidas (ONU), Frank de La Rue, esteve no Rio de Janeiro recebendo den&uacute;ncias de viola&ccedil;&otilde;es ocorridas no pa&iacute;s. A reuni&atilde;o aconteceu no final da tarde do &uacute;ltimo domingo (13), na sede do Sindicato dos Petroleiros (Sindipetro). Em dezembro do ano passado, <a href=\"http:\/\/localhost\/intervozes_direitoacomunicacao\/wordpress\/?p=27301\">La Rue j&aacute; havia feito<\/a>  uma visita ao Brasil e dialogado com a sociedade civil. Desta vez, voltou acompanhado de Catalina Botero, relatora da Comiss&atilde;o Interamericana de Direitos Humanos da Organiza&ccedil;&atilde;o dos Estados Americanos (OEA).<\/p>\n<p>O encontro com os representantes das organiza&ccedil;&otilde;es internacionais marcou a abertura da Semana de Democratiza&ccedil;&atilde;o da Comunica&ccedil;&atilde;o que acontece entre o dia 13 e 19 de outubro. Estiveram presentes, assim como entidades ligadas ao movimento de democratiza&ccedil;&atilde;o e de defesa do direito &agrave; comunica&ccedil;&atilde;o, setores mais amplos, como os profissionais da educa&ccedil;&atilde;o do munic&iacute;pio em greve na capital fluminense.<\/p>\n<p>La Rue considerou que &ldquo;os procedimentos internacionais costumam ser profundamente lentos e burocr&aacute;ticos, mas que n&atilde;o devemos abandon&aacute;-los&rdquo;. Segundo ele, &eacute; importante o fortalecimento dos mecanismos internos de promo&ccedil;&atilde;o da liberdade de express&atilde;o. Botero defendeu a &ldquo;necessidade de uma radiodifus&atilde;o livre e diversa&rdquo;.<\/p>\n<p>As organiza&ccedil;&otilde;es se pronunciaram e entregaram relat&oacute;rios sobre casos de viola&ccedil;&otilde;es do direito &agrave; liberdade de express&atilde;o. A Artigo 19 destacou a viol&ecirc;ncia sofrida por jornalistas e defensores dos direitos humanos no Brasil, que hoje figura entre os primeiros em rela&ccedil;&atilde;o &agrave; viol&ecirc;ncia no ranking internacional produzido pelo Rep&oacute;rter Sem-Fronteiras. Somente no primeiro semestre deste ano, j&aacute; est&atilde;o sendo investigadas sete mortes e 37 amea&ccedil;as contra profissionais da comunica&ccedil;&atilde;o.<\/p>\n<p>Arthur William, do Intervozes, falou do absurdo de se ter &ldquo;pessoas ainda sendo presas por fazerem comunica&ccedil;&atilde;o&rdquo; e denunciou &ldquo;a legisla&ccedil;&atilde;o ultrapassada&rdquo;, que criminaliza as pessoas, quando a tend&ecirc;ncia internacional &eacute; lidar com r&aacute;dios comunit&aacute;rias de forma administrativa e civil. Criticou tamb&eacute;m a transfer&ecirc;ncia de dinheiro do governo para o setor privado por meio da publicidade estatal, que aplica grandes volumes nas emissoras comerciais em detrimento de uma pol&iacute;tica de desenvolvimento da comunica&ccedil;&atilde;o p&uacute;blica.<\/p>\n<p>Falou-se ainda de publicidade infantil, Marco Civil da Internet, persegui&ccedil;&atilde;o aos manifestantes de rua, viol&ecirc;ncia policial, silenciamento dos movimentos de trabalhadores rurais na m&iacute;dia. Foram apresentados tamb&eacute;m alguns casos espec&iacute;ficos como o dos jornalistas Cristian Goes e Ricardo Antunes, perseguidos por elites que se utilizam do poder p&uacute;blico para reprimir, e do radialista Jerry Oliveira, v&iacute;tima da burocracia brasileira que privilegia a radiodifus&atilde;o comercial e criminaliza as iniciativas populares.<\/p>\n<p>La Rue e Botero s&atilde;o respons&aacute;veis por produzir relat&oacute;rios peri&oacute;dicos que avaliam a situa&ccedil;&atilde;o da liberdade de express&atilde;o no mundo e no continente. O material entregue pela sociedade civil deve servir de subs&iacute;dio para esse documento.<\/p>\n","protected":false},"excerpt":{"rendered":"<p>Os relatores da ONU e da OEA se reuniram com a sociedade civil e conheceram diversos casos de viola&ccedil;&otilde;es da liberdade de express&atilde;o no pa&iacute;s<\/p>\n","protected":false},"author":1,"featured_media":0,"comment_status":"open","ping_status":"open","sticky":false,"template":"","format":"standard","meta":{"footnotes":""},"categories":[40],"tags":[90],"_links":{"self":[{"href":"https:\/\/obscom.intervozes.org.br\/index.php?rest_route=\/wp\/v2\/posts\/27575"}],"collection":[{"href":"https:\/\/obscom.intervozes.org.br\/index.php?rest_route=\/wp\/v2\/posts"}],"about":[{"href":"https:\/\/obscom.intervozes.org.br\/index.php?rest_route=\/wp\/v2\/types\/post"}],"author":[{"embeddable":true,"href":"https:\/\/obscom.intervozes.org.br\/index.php?rest_route=\/wp\/v2\/users\/1"}],"replies":[{"embeddable":true,"href":"https:\/\/obscom.intervozes.org.br\/index.php?rest_route=%2Fwp%2Fv2%2Fcomments&post=27575"}],"version-history":[{"count":1,"href":"https:\/\/obscom.intervozes.org.br\/index.php?rest_route=\/wp\/v2\/posts\/27575\/revisions"}],"predecessor-version":[{"id":28335,"href":"https:\/\/obscom.intervozes.org.br\/index.php?rest_route=\/wp\/v2\/posts\/27575\/revisions\/28335"}],"wp:attachment":[{"href":"https:\/\/obscom.intervozes.org.br\/index.php?rest_route=%2Fwp%2Fv2%2Fmedia&parent=27575"}],"wp:term":[{"taxonomy":"category","embeddable":true,"href":"https:\/\/obscom.intervozes.org.br\/index.php?rest_route=%2Fwp%2Fv2%2Fcategories&post=27575"},{"taxonomy":"post_tag","embeddable":true,"href":"https:\/\/obscom.intervozes.org.br\/index.php?rest_route=%2Fwp%2Fv2%2Ftags&post=27575"}],"curies":[{"name":"wp","href":"https:\/\/api.w.org\/{rel}","templated":true}]}}