{"id":27574,"date":"2013-10-11T17:45:20","date_gmt":"2013-10-11T17:45:20","guid":{"rendered":"https:\/\/obscom.intervozes.org.br\/wordpress\/?p=27574"},"modified":"2013-10-11T17:45:20","modified_gmt":"2013-10-11T17:45:20","slug":"semana-de-democratizacao-da-comunicacao","status":"publish","type":"post","link":"https:\/\/obscom.intervozes.org.br\/?p=27574","title":{"rendered":"Semana de Democratiza\u00e7\u00e3o da Comunica\u00e7\u00e3o"},"content":{"rendered":"<p>A Semana Nacional pela Democratiza&ccedil;&atilde;o da Comunica&ccedil;&atilde;o, que acontece entre os dias 13 e 20 de outubro, contar&aacute; com a articula&ccedil;&atilde;o de entidades de diversos setores da sociedade civil para a coleta de assinaturas do Projeto de Lei da M&iacute;dia Democr&aacute;tica, debates sobre o direito &agrave; comunica&ccedil;&atilde;o e a liberdade de express&atilde;o, lan&ccedil;amento de livros, atos p&uacute;blicos, passeatas, a&ccedil;&otilde;es culturais e v&aacute;rios outros.<\/p>\n<p>Ser&atilde;o dezenas de atividades, dentre elas, o lan&ccedil;amento oficial do projeto de lei em S&atilde;o Paulo, um grande ato pela Internet Livre (SP), e uma reuni&atilde;o com os relatores pela liberdade de express&atilde;o Frank La Rue&nbsp; (ONU)&nbsp; e Catalina Botero (OEA), no Rio de Janeiro. Em Bras&iacute;lia, manifestantes pela democratiza&ccedil;&atilde;o da comunica&ccedil;&atilde;o realizar&atilde;o ato p&uacute;blico pela implanta&ccedil;&atilde;o do Conselho Distrital de Comunica&ccedil;&atilde;o Social.<\/p>\n<p>Durante a semana tamb&eacute;m ser&atilde;o divulgadas pesquisas do Instituto Patr&iacute;cia Galv&atilde;o\/Data Popular sobre concess&otilde;es de r&aacute;dio e TV para pol&iacute;ticos e no Rio, e da Funda&ccedil;&atilde;o Perseu Abramo, sobre a Democratiza&ccedil;&atilde;o da M&iacute;dia.<\/p>\n<p>Veja abaixo todas as atividades: <\/p>\n<p><strong>DISTRITO FEDERAL<\/strong><\/p>\n<p>15\/10 (3&ordf; feira), 19h &#8211; Debate Bar&atilde;o lan&ccedil;amento livro Pr&iacute;ncipe da privataria. Veja aqui. Foto: Diego Mendon&ccedil;a.<br \/>Local: Sindicato dos Banc&aacute;rios<\/p>\n<p>16\/10 (4&ordf; feira), 11 h &#8211; Entrega do Bolo de anivers&aacute;rio do 1 ano de descumprimento das promessas de Agnelo de cria&ccedil;&atilde;o do Conselho no Pal&aacute;cio do Buriti.<br \/>Local: Buriti<\/p>\n<p>16\/10 (4&ordf; feira), 17h &#8211; Coleta de assinaturas da Lei da M&iacute;dia Democr&aacute;tica<br \/>Local: Rodovi&aacute;ria<\/p>\n<p>17\/10 (5&ordf; feira), 19h &#8211; Debate sobre comunica&ccedil;&atilde;o p&uacute;blica no DF.<br \/>Local: SJPDF<\/p>\n<p><strong>PAR&Aacute;<\/strong><\/p>\n<p>11\/10 (6&ordf; feira), dia 11 &#8211; Atividades durante o&nbsp; Auto do C&iacute;rio de Nazar&eacute;<br \/>Local: Centro de Bel&eacute;m.<\/p>\n<p>Em Bel&eacute;m, as entidades que lutam pela democratiza&ccedil;&atilde;o da comunica&ccedil;&atilde;o realizar&atilde;o atividades durante o&nbsp; Auto do C&iacute;rio de Nazar&eacute;. O FNDC Par&aacute; realizar&aacute; manifesta&ccedil;&atilde;o contra o monop&oacute;lio da m&iacute;dia. Em v&aacute;rios pontos de Bel&eacute;m ser&atilde;o coletadas assinaturas para o Projeto de Lei da M&iacute;dia Democr&aacute;tica.<\/p>\n<p><strong>PARA&Iacute;BA<\/strong><\/p>\n<p>14\/10 (2&ordf; feira), 18h &#8211; Lan&ccedil;amento da Editora Xeroca!&nbsp; e do Livro &quot;M&iacute;dia Paraibana em Debate: Comunica&ccedil;&atilde;o, Cultura e Pol&iacute;tica&quot;<br \/>Local: Sebo Cultural<br \/>Exibi&ccedil;&atilde;o de v&iacute;deos sobre a democratiza&ccedil;&atilde;o &#8211; Cinema do beco<\/p>\n<p>15\/10 (3&ordf; feira), 14h &agrave;s 16h &#8211; Interven&ccedil;&atilde;o &quot;Aos vivos&quot;<br \/>Local: Parque Sol&oacute;n de Lucena, Centro.<\/p>\n<p>16\/10 (4&ordf; feira), 9h &#8211; Mesa de abertura &quot;Coronelismo eletr&ocirc;nico &#8211; pol&iacute;tica no ar e no sangue&quot;<br \/>Local: Aud. do CCHL, &agrave;s 9h.<\/p>\n<p>16\/10 (4&ordf; feira), 14h &#8211; Debate &quot;Sensacionalismo na m&iacute;dia paraibana&quot;<br \/>Local: Sala 402, CCHLA<\/p>\n<p>17\/10 (5&ordf;feira), 7h30 &agrave;s 11h &#8211; Oficina de Leitura e Produ&ccedil;&atilde;o Cr&iacute;tica da M&iacute;dia<br \/>Local: Escola Municipal de Ensino Fundamental Comendador C&iacute;cero Leite, Valentina.<\/p>\n<p>17\/10 (5&ordf;feira), 9h&nbsp; &#8211; Oficina de Mini-Transmissor de R&aacute;dio FM<br \/>Local: Pra&ccedil;a da Alegria &ndash; UFPB .<\/p>\n<p>17\/10 (5&ordf;feira), 14h &#8211; M&iacute;dia e Seguran&ccedil;a P&uacute;blica &#8211; processos de criminaliza&ccedil;&atilde;o e o espet&aacute;culo da viol&ecirc;ncia<br \/>Local: P&aacute;tio da Escola de Direito &ndash; Centro<\/p>\n<p>18\/10 (6&ordf; feira), 18 h &#8211; Exibi&ccedil;&atilde;o solene de &quot;Ab&uacute;zu &#8211; Ecos da Luta do Baixio&quot;, dir. Cec&iacute;lia Bandeira, &quot;Adios, Jampa Vieja!&quot;, dir. Virg&iacute;nia de Oliveira Silva, e &quot;Sophia&quot;, dir. Kennel R&oacute;gis.<br \/>Local: Andura Castelo<br \/>&nbsp;<\/p>\n<p><strong>PERNAMBUCO<\/strong><\/p>\n<p>13\/10 (domingo), das 10h &agrave;s 20h &ndash; A&ccedil;&otilde;es de debate, divulga&ccedil;&atilde;o e culturais no Marco Zero.<br \/>Local: Marco Zero, Recife Antigo<\/p>\n<p>Integrantes do F&oacute;rum Pernambucano de Comunica&ccedil;&atilde;o, de entidades parceiras e volunt&aacute;rios da campanha &ldquo;Para Expressar a Liberdade&rdquo;&nbsp; ir&atilde;o procurar dialogar com as pessoas sobre a import&acirc;ncia da garantia desse direito e a urg&ecirc;ncia de se regulamentar a comunica&ccedil;&atilde;o.<\/p>\n<p>O evento contar&aacute; com proje&ccedil;&atilde;o de imagens, DJs e a renovada Rural de Roger de Renor.<\/p>\n<p>14\/10 (2&ordf; feira), 14h &#8211; Oficina gratuita sobre o direito &agrave; comunica&ccedil;&atilde;o aberta ao p&uacute;blico (inscri&ccedil;&otilde;es em www.facebook.com\/CentroLuizFreire).<br \/>Local: Centro de Cultura Luiz Freire (rua 27 de Janeiro, 181, Carmo, Olinda)<\/p>\n<p>16\/10 (4&ordf; feira), &agrave; tarde &#8211; Movimentos como o Levante Popular da Juventude e a RejajoC&nbsp; ir&atilde;o circular pela cidade chamando a aten&ccedil;&atilde;o para a campanha &ldquo;Para Expressar a Liberdade&rdquo;. Tamb&eacute;m haver&aacute; momentos de forma&ccedil;&atilde;o com diversos f&oacute;runs da sociedade civil na Universidade Cat&oacute;lica de Pernambuco.<\/p>\n<p>18\/10 e 19\/10 (6&ordf; feira e s&aacute;bado) &#8211; A&ccedil;&atilde;o de coleta de assinaturas e mostra de pequenos v&iacute;deos relativos &agrave; campanha, produzidos de forma independente e colaborativa.<br \/>Local: Festival Coquetel Molotov.<\/p>\n<p><strong>RIO DE JANEIRO<br \/><\/strong><br \/>13\/10(domingo), 17h &#8211;&nbsp; Reuni&atilde;o com os relatores para a liberdade de express&atilde;o da ONU, Frank la Rue, e da OEA, Catalina Botero.<br \/>Local: Sindicato dos Petroleiros, que fica na Av. Passos, 34, no Centro do Rio.<\/p>\n<p>Na ocasi&atilde;o, os relatores receber&atilde;o casos, problemas e quest&otilde;es fundamentadas por escrito e em seguida dialogar&atilde;o com a sociedade civil brasileira em torno desta agenda. As contribui&ccedil;&otilde;es apresentadas na reuni&atilde;o poder&atilde;o integrar manifesta&ccedil;&otilde;es p&uacute;blicas dos dois relatores sobre a situa&ccedil;&atilde;o da liberdade de express&atilde;o no pa&iacute;s.<\/p>\n<p>14\/10 (2&ordf;feira),19h &#8211; Debate sobre Financiamento da M&iacute;dia Comunit&aacute;ria e Alternativa<br \/>Local: Sindicato dos Jornalistas Profissionais no Munic&iacute;pio do Rio de Janeiro (SJPMRJ) &#8211; Evaristo da Veiga, 16, 17&ordm; andar, Centro, pr&oacute;ximo &agrave; Cinel&acirc;ndia<\/p>\n<p>14\/10 e 15\/10 &#8211; Audi&ecirc;ncia P&uacute;blica e Reuni&atilde;o Ordin&aacute;ria do Conselho Curador da EBC<br \/>Local: Associa&ccedil;&atilde;o Brasileira de Imprensa no Rio de Janeiro (ABI), no endere&ccedil;o Rua Ara&uacute;jo de Porto Alegre, 71, 7&ordm; Andar, Audit&oacute;rio Beliz&aacute;rio de Souza, Rio de Janeiro, Centro.&nbsp; <\/p>\n<p>Todas as atividades podem ser acompanhadas pelo p&uacute;blico presencialmente ou pela internet, pelo endere&ccedil;o http:\/\/www.conselhocurador.ebc.com.br\/transmissaoaovivo ou pelos perfis do Conselho no Twitter, Facebook e Google+.<\/p>\n<p>16\/10 (4 feira), 16h &agrave;s 20h30 &#8211; 2&ordm; Semin&aacute;rio Livre pela &quot;Democratiza&ccedil;&atilde;o da M&iacute;dia&quot;<br \/>Realiza&ccedil;&atilde;o da Associa&ccedil;&atilde;o Brasileira de Imprensa<br \/>Local: Rua Ara&uacute;jo Porto Alegre, 71\/7&ordm; andar, pr&oacute;ximo &agrave; Cinel&acirc;ndia.<\/p>\n<p>16\/10 (4&ordf;feira), 18h30- Aula P&uacute;blica sobre Direito &agrave; Comunica&ccedil;&atilde;o e Liberdade na Internet. Com Mar&iacute;lia Maciel, pesquisadora e gestora do Centro de Tecnologia e Sociedade da FGV Rio de Janeiro.<br \/>Local: Ocupa Petrobras (em frente &agrave; sede da Petrobras, &agrave; avenida Rep&uacute;blica do Chile, 65 &ndash; Centro<\/p>\n<p>Ser&atilde;o exibidos v&iacute;deos sobre como se organiza o setor de r&aacute;dio e televis&atilde;o no Brasil (Levante sua voz!) e sobre acesso e liberdade de express&atilde;o na internet (Freenet?). Para fomentar o debate, foi convidada Mar&iacute;lia Maciel, pesquisadora e gestora do Centro de Tecnologia e Sociedade da FGV Rio de Janeiro.<\/p>\n<p>18\/10 (6&ordf; feira)- Economista M&aacute;rcio Pochmann apresenta um estudo sobre a Democratiza&ccedil;&atilde;o da M&iacute;dia no Brasil<\/p>\n<p>18\/10 (6&ordf; feira), &agrave;s 18h &ndash; Lan&ccedil;amento de pesquisa da Funda&ccedil;&atilde;o Perseu Abramo sobre Democratiza&ccedil;&atilde;o da M&iacute;dia.<br \/>Local: Audit&oacute;rio do Sindicado dos Jornalistas do Munic&iacute;pio do Rio de Janeiro &#8211; Rua Evaristo da Veiga, 17&ordm; andar, no Centro.<br \/>Transmiss&atilde;o online: Tev&ecirc;FPA&nbsp; http:\/\/novo.fpabramo.org.br\/tags\/tevefpa<\/p>\n<p>19\/10 (S&aacute;bado), 14h30 &agrave;s 18h30 &#8211; Intervozes comemora 10 anos na luta pelo direito &agrave; comunica&ccedil;&atilde;o. Rodas de conversa.<br \/>Local: Centro Cultural Municipal Parque das Ru&iacute;nas (Oficial): Rua Murtinho Nobre, 169 &#8211; Santa Teresa. Rio de Janeiro-RJ.<\/p>\n<p>22\/10 Ato pela valoriza&ccedil;&atilde;o profissional e democratiza&ccedil;&atilde;o da m&iacute;dia. Protesto em frente &agrave; TV Globo. Apoio CUT-RJ, da Fitert e do Sindicato dos Jornalistas.<br \/>Local: TV Globo &#8211; Rua Lopes Quintas n&ordm; 303 e na Rua Von Martius n&ordm; 22.<br \/>A concentra&ccedil;&atilde;o para a manifesta&ccedil;&atilde;o come&ccedil;ar&aacute; &agrave;s 15h na ABBR, na Rua Jardim Bot&acirc;nico n&ordm; 660. <\/p>\n<p><strong>S&Atilde;O PAULO<\/strong><\/p>\n<p>14\/10 (2&ordf; feira), 12h &#8211; Oficina: Mulher, Est&eacute;tica e M&iacute;dia<br \/>Local: FFLCH\/USP &#8211; Faculdade de Ci&ecirc;ncia Sociais &#8211; sala 109 &#8211; Cidade Universit&aacute;ria &#8211; Butant&atilde;<\/p>\n<p>16\/10 (4&ordf; feira), 17h &#8211; Ato pela Internet Livre<br \/>Local: em frente &agrave; VIVO-Telef&ocirc;nica &#8211; Rua Martiniano de Carvalho, 851 &#8211; Para&iacute;so. <\/p>\n<p>16\/10 (4&ordf; feira), 18h &#8211; Debate: A viol&ecirc;ncia da m&iacute;dia contra a mulher<br \/>Local: ECA\/USP &#8211; Cidade Universit&aacute;ria &#8211; Butant&atilde;<br \/>(atividade conjunta com a semana de Combate &agrave; Viol&ecirc;ncia contra a Mulher)<\/p>\n<p>16\/10 (4&ordf; feira), 19h30 &#8211; Lan&ccedil;amento do livro &quot;Conselho de Comunica&ccedil;&atilde;o SOcial &#8211; A interdi&ccedil;&atilde;o de um instrumento&nbsp; de democracia participativa, de Ven&iacute;cio A. de Lima, e debate com o deputado estadual Ant&ocirc;nio Mentor e com o vereador Jos&eacute; Am&eacute;rico, autores dos projetos de conselho estadual e municipal&nbsp; de comunica&ccedil;&atilde;o. <br \/>Local: Sede do Bar&atilde;o de Itarar&eacute; &#8211; Rua Rego Freitas, 454, cj13 &#8211; Rep&uacute;blica<\/p>\n<p>17\/10 (5&ordf; feira), 19h30 &#8211; Lan&ccedil;amento em SP do Projeto de Lei da M&iacute;dia Democr&aacute;tica e da pesquisa do Instituto Patr&iacute;cia Galv&atilde;o\/Data Popular sobre concess&otilde;es de r&aacute;dio e TV para pol&iacute;ticos.<br \/>Local: C&acirc;mara Municipal de S&atilde;o Paulo &#8211; Audit&oacute;rio Prestes Maia<\/p>\n<p>18\/10 (6&ordf; feira), 19h &#8211; Coleta de assinaturas do Projeto de Lei da M&iacute;dia Democr&aacute;tica<br \/>Local: FMU da Rua Vergueiro<\/p>\n","protected":false},"excerpt":{"rendered":"<p>Confira aqui a programa&ccedil;&atilde;o de eventos marcados entre o dia 11 e 22 de outubro e que v&atilde;o debater a democratiza&ccedil;&atilde;o da comunica&ccedil;&atilde;o por todo pa&iacute;s.<\/p>\n","protected":false},"author":1,"featured_media":0,"comment_status":"open","ping_status":"open","sticky":false,"template":"","format":"standard","meta":{"footnotes":""},"categories":[40],"tags":[830],"_links":{"self":[{"href":"https:\/\/obscom.intervozes.org.br\/index.php?rest_route=\/wp\/v2\/posts\/27574"}],"collection":[{"href":"https:\/\/obscom.intervozes.org.br\/index.php?rest_route=\/wp\/v2\/posts"}],"about":[{"href":"https:\/\/obscom.intervozes.org.br\/index.php?rest_route=\/wp\/v2\/types\/post"}],"author":[{"embeddable":true,"href":"https:\/\/obscom.intervozes.org.br\/index.php?rest_route=\/wp\/v2\/users\/1"}],"replies":[{"embeddable":true,"href":"https:\/\/obscom.intervozes.org.br\/index.php?rest_route=%2Fwp%2Fv2%2Fcomments&post=27574"}],"version-history":[{"count":0,"href":"https:\/\/obscom.intervozes.org.br\/index.php?rest_route=\/wp\/v2\/posts\/27574\/revisions"}],"wp:attachment":[{"href":"https:\/\/obscom.intervozes.org.br\/index.php?rest_route=%2Fwp%2Fv2%2Fmedia&parent=27574"}],"wp:term":[{"taxonomy":"category","embeddable":true,"href":"https:\/\/obscom.intervozes.org.br\/index.php?rest_route=%2Fwp%2Fv2%2Fcategories&post=27574"},{"taxonomy":"post_tag","embeddable":true,"href":"https:\/\/obscom.intervozes.org.br\/index.php?rest_route=%2Fwp%2Fv2%2Ftags&post=27574"}],"curies":[{"name":"wp","href":"https:\/\/api.w.org\/{rel}","templated":true}]}}