{"id":27572,"date":"2013-10-10T17:02:29","date_gmt":"2013-10-10T17:02:29","guid":{"rendered":"https:\/\/obscom.intervozes.org.br\/wordpress\/?p=27572"},"modified":"2013-10-10T17:02:29","modified_gmt":"2013-10-10T17:02:29","slug":"sao-luis-da-pontape-para-criacao-do-canal-da-cidadania","status":"publish","type":"post","link":"https:\/\/obscom.intervozes.org.br\/?p=27572","title":{"rendered":"S\u00e3o Luis d\u00e1 pontap\u00e9 para cria\u00e7\u00e3o do Canal da Cidadania"},"content":{"rendered":"<p>A capital do Maranh&atilde;o, S&atilde;o Lu&iacute;s, pode passar &agrave; frente das demais e ser a primeira a implementar o Canal da Cidadania. Segundo o Secret&aacute;rio de Comunica&ccedil;&atilde;o da prefeitura, M&aacute;rcio Jerry, no dia 10 de outubro (quinta) seria enviada uma mensagem &agrave; C&acirc;mara encaminhando o projeto de lei que cria o Conselho Municipal de&nbsp; Comunica&ccedil;&atilde;o. A participa&ccedil;&atilde;o da sociedade em um &oacute;rg&atilde;o regulador como este, com atribui&ccedil;&otilde;es para a regula&ccedil;&atilde;o da emissora, est&aacute; prevista na norma que regulamenta o funcionamento do Canal da Cidadania.<\/p>\n<p>Os Canais da Cidadania est&atilde;o previstos no decreto de 2006 que estabeleceu as regras para a digitaliza&ccedil;&atilde;o do sinal de TV no pa&iacute;s. Regulamentado em dezembro do ano passado, o servi&ccedil;o consiste na explora&ccedil;&atilde;o de uma faixa de frequ&ecirc;ncia compartilhada pelo Poder Executivo (prefeituras e governos estaduais)&nbsp; e por associa&ccedil;&otilde;es comunit&aacute;rias, com programa&ccedil;&otilde;es emitidas simultaneamente. De acordo com informa&ccedil;&otilde;es divulgadas pelo Minist&eacute;rio das Comunica&ccedil;&otilde;es em agosto, apenas 100 prefeituras de pequenas e m&eacute;dias cidades fizeram a solicita&ccedil;&atilde;o da outorga, mas nenhuma capital consta na lista de solicitantes.<\/p>\n<p>O secret&aacute;rio M&aacute;rcio Jerry informou que o investimento necess&aacute;rio para a cria&ccedil;&atilde;o do Canal da Cidadania em S&atilde;o Lu&iacute;s j&aacute; est&aacute; inserido nas discuss&otilde;es do Plano Plurianual (PPA) 2014-2017 e da Lei de Diretrizes Or&ccedil;ament&aacute;rias (LDO). Entretanto, a solicita&ccedil;&atilde;o n&atilde;o foi recebida ainda pelo Minist&eacute;rio das Comunica&ccedil;&otilde;es.<\/p>\n<p>Segundo o secret&aacute;rio, aproveitou-se &ldquo;o gancho do Canal da Cidadania&rdquo; para dar in&iacute;cio ao processo de cria&ccedil;&atilde;o de um conselho municipal de comunica&ccedil;&atilde;o, com fun&ccedil;&otilde;es mais &ldquo;alargadas&rdquo; do que &agrave;s relacionadas &agrave; emissora. Ainda, assim,&ldquo;asseguraria a participa&ccedil;&atilde;o e a supervis&atilde;o do Canal da Cidadania&rdquo;.<\/p>\n<p>O Canal da Cidadania, em S&atilde;o Lu&iacute;s, pode servir como contraponto &agrave; concentra&ccedil;&atilde;o das emissoras de radiodifus&atilde;o nas m&atilde;os do grupo pol&iacute;tico que domina a regi&atilde;o. Os sistemas Mirante e Difusora s&atilde;o de propriedade das fam&iacute;lias Sarney e Lob&atilde;o, consideradas afins na pol&iacute;tica. Para que isso ocorra, por&eacute;m, &eacute; necess&aacute;rio ampliar o seu car&aacute;ter p&uacute;blico, dissociado do interesse direto das sucessivas gest&otilde;es. Segundo Lissandra Leite,&nbsp; coordenadora da Ag&ecirc;ncia de Not&iacute;cias Matraca, uma das entidades da sociedade civil que vem participando dos f&oacute;runs que discutem o Conselho Municipal de Comunica&ccedil;&atilde;o, &ldquo;montamos o projeto de forma a valorizar o Conselho e a atrelar o Canal da Cidadania a ele&rdquo;.<\/p>\n<p>O secret&aacute;rio de Comunica&ccedil;&atilde;o diz esperar que com o Canal da Cidadania &ldquo;a comunica&ccedil;&atilde;o institucional n&atilde;o seja s&oacute; divulga&ccedil;&atilde;o de atos de governo&rdquo; e passe a fazer parte de uma concep&ccedil;&atilde;o ampla de pol&iacute;tica p&uacute;blica de comunica&ccedil;&atilde;o.<\/p>\n<p><strong>Outra capital<\/strong><\/p>\n<p>No Rio de Janeiro, a sociedade civil junto com a Frente Parlamentar pela Democratiza&ccedil;&atilde;o da Comunica&ccedil;&atilde;o e da Cultura da C&acirc;mara dos Vereadores, vem pressionando a prefeitura para fazer a solicita&ccedil;&atilde;o da outorga do Canal da Cidadania. A prefeitura informou que a empresa Multirio assumiria as discuss&otilde;es referentes a este processo, mas n&atilde;o abriu o di&aacute;logo ainda sobre o caso com as entidades que v&ecirc;m realizando o debate na capital fluminense.<\/p>\n","protected":false},"excerpt":{"rendered":"<p>Maranh&atilde;o pode ter primeira capital a implementar canal que veicula programa&ccedil;&atilde;o comunit&aacute;ria e dos poderes municipal e estadual<\/p>\n","protected":false},"author":1,"featured_media":0,"comment_status":"open","ping_status":"open","sticky":false,"template":"","format":"standard","meta":{"footnotes":""},"categories":[40],"tags":[79],"_links":{"self":[{"href":"https:\/\/obscom.intervozes.org.br\/index.php?rest_route=\/wp\/v2\/posts\/27572"}],"collection":[{"href":"https:\/\/obscom.intervozes.org.br\/index.php?rest_route=\/wp\/v2\/posts"}],"about":[{"href":"https:\/\/obscom.intervozes.org.br\/index.php?rest_route=\/wp\/v2\/types\/post"}],"author":[{"embeddable":true,"href":"https:\/\/obscom.intervozes.org.br\/index.php?rest_route=\/wp\/v2\/users\/1"}],"replies":[{"embeddable":true,"href":"https:\/\/obscom.intervozes.org.br\/index.php?rest_route=%2Fwp%2Fv2%2Fcomments&post=27572"}],"version-history":[{"count":0,"href":"https:\/\/obscom.intervozes.org.br\/index.php?rest_route=\/wp\/v2\/posts\/27572\/revisions"}],"wp:attachment":[{"href":"https:\/\/obscom.intervozes.org.br\/index.php?rest_route=%2Fwp%2Fv2%2Fmedia&parent=27572"}],"wp:term":[{"taxonomy":"category","embeddable":true,"href":"https:\/\/obscom.intervozes.org.br\/index.php?rest_route=%2Fwp%2Fv2%2Fcategories&post=27572"},{"taxonomy":"post_tag","embeddable":true,"href":"https:\/\/obscom.intervozes.org.br\/index.php?rest_route=%2Fwp%2Fv2%2Ftags&post=27572"}],"curies":[{"name":"wp","href":"https:\/\/api.w.org\/{rel}","templated":true}]}}