{"id":27570,"date":"2013-10-08T15:26:10","date_gmt":"2013-10-08T15:26:10","guid":{"rendered":"https:\/\/obscom.intervozes.org.br\/wordpress\/?p=27570"},"modified":"2014-09-07T03:03:20","modified_gmt":"2014-09-07T03:03:20","slug":"gdf-ignora-promessas-feitas-na-area-da-comunicacao","status":"publish","type":"post","link":"https:\/\/obscom.intervozes.org.br\/?p=27570","title":{"rendered":"GDF ignora promessas feitas na \u00e1rea da comunica\u00e7\u00e3o"},"content":{"rendered":"<p>A luta dos movimentos sociais por amplia&ccedil;&atilde;o da participa&ccedil;&atilde;o democr&aacute;tica na sociedade brasileira passa pelo desafio da constru&ccedil;&atilde;o de canais de interlocu&ccedil;&atilde;o entre sociedade civil e governos. Criados esses mecanismos, resta uma segunda tarefa: cobrar dos governantes pol&iacute;ticas que coloquem em pr&aacute;tica o que foi formulado no di&aacute;logo com a administra&ccedil;&atilde;o p&uacute;blica. Nesse sentido, entidades, parlamentares e poder p&uacute;blico de Bras&iacute;lia se reuniram nesse dia 3, &agrave;s 15h, na C&acirc;mara Legislativa, para fazer uma avalia&ccedil;&atilde;o dos compromissos firmados com o Governo do Distrito Federal (GDF) no semin&aacute;rio #ComunicaDF. <\/p>\n<p>A sociedade civil organizada se encontra, por&eacute;m, desgostosa da postura do GDF em rela&ccedil;&atilde;o &agrave;s pol&iacute;ticas de comunica&ccedil;&atilde;o. A maioria das perguntas ficaram sem respostas na audi&ecirc;ncia e o governo n&atilde;o enviou representantes que pudessem assumir compromissos em nome da gest&atilde;o, o que incomodou as entidades presentes, interessadas em ver avan&ccedil;os no setor e efetivar um di&aacute;logo democr&aacute;tico. <\/p>\n<p>O 1&ordm; Semin&aacute;rio de Comunica&ccedil;&atilde;o P&uacute;blica do Distrito Federal (#ComunicaDF), realizado no ano passado pelo GDF, teve por objetivo a constru&ccedil;&atilde;o de pol&iacute;ticas p&uacute;blicas em di&aacute;logo com a sociedade civil, o que possibilitou a retomada do debate iniciado na Confer&ecirc;ncia Nacional de Comunica&ccedil;&atilde;o, em 2009. Reunindo estudantes, trabalhadores, dirigentes de entidades representativas do campo da comunica&ccedil;&atilde;o e demais interessados foram aprovadas 24 propostas, elegendo 12 prioridades.<\/p>\n<p>Entre as principais propostas, foram apresentadas a cria&ccedil;&atilde;o de um conselho de comunica&ccedil;&atilde;o que atue na elabora&ccedil;&atilde;o e no acompanhamento das pol&iacute;ticas p&uacute;blicas de no setor, de uma TV P&uacute;blica Distrital e de um fundo para apoiar ve&iacute;culos alternativos. Embora se tenha feito alguma sinaliza&ccedil;&atilde;o de que os compromissos seriam honrados, tendo o governo de Agnelo Queiroz (PT) inclusive aberto uma consulta p&uacute;blica para discutir o funcionamento do conselho, entidades do DF logo desconfiaram que os avan&ccedil;os estavam em vias de estancarem. <\/p>\n<p>Em mar&ccedil;o deste ano, o secret&aacute;rio-geral dos Sindicato dos Jornalistas, Jonas Valente, <a href=\"http:\/\/localhost\/intervozes_direitoacomunicacao\/wordpress\/?p=27397\">publicou um texto<\/a>  em que apontava nas mudan&ccedil;as institucionais e administrativas do GDF um sinal de que os compromissos estavam sendo abandonados pelo governo. &ldquo;As mudan&ccedil;as anunciadas na Secretaria de Comunica&ccedil;&atilde;o Social do GDF, nos &uacute;ltimos dias, n&atilde;o refletem avan&ccedil;os nesse processo. Pelo contr&aacute;rio, no Distrito Federal a l&oacute;gica da estrat&eacute;gia de comunica&ccedil;&atilde;o focada apenas em assessoria de imprensa prevalece, mais uma vez, em detrimento da constru&ccedil;&atilde;o de uma pol&iacute;tica de comunica&ccedil;&atilde;o mais inclusiva e democr&aacute;tica.&rdquo;, afirmou.<br \/>&nbsp;<br \/>Valente explica hoje que j&aacute; havia a expectativa de que n&atilde;o fosse um processo r&aacute;pido, mas houve surpresa com o abandono do compromisso por parte do governo Agnelo Queiroz. &ldquo;Sab&iacute;amos que isso n&atilde;o seria implementado de imediato e que demandaria di&aacute;logo. Mas, passado um ano, a &uacute;nica coisa que tivemos foi a consulta p&uacute;blica do texto da proposta do Conselho de Comunica&ccedil;&atilde;o do DF, que depois sumiu dentro de alguma gaveta do Pal&aacute;cio Buriti&rdquo;, critica. <\/p>\n<p>A dificuldade com a implementa&ccedil;&atilde;o das pol&iacute;ticas formuladas no di&aacute;logo entre os diferentes setores da sociedade e os governos, entretanto, n&atilde;o &eacute; &ldquo;privil&eacute;gio&rdquo; do Distrito Federal. At&eacute; hoje o Brasil espera os resultados da I Confecom e n&atilde;o v&ecirc; praticamente nenhum esfor&ccedil;o da Presid&ecirc;ncia da Rep&uacute;blica e de seus minist&eacute;rios para que isso ocorra.<\/p>\n","protected":false},"excerpt":{"rendered":"<p>Governo do Distrito Federal n&atilde;o cumpre compromissos assumidos em semin&aacute;rio que elaborou propostas pro setor de comunica&ccedil;&atilde;o<\/p>\n","protected":false},"author":1,"featured_media":0,"comment_status":"open","ping_status":"open","sticky":false,"template":"","format":"standard","meta":{"footnotes":""},"categories":[40],"tags":[1781],"_links":{"self":[{"href":"https:\/\/obscom.intervozes.org.br\/index.php?rest_route=\/wp\/v2\/posts\/27570"}],"collection":[{"href":"https:\/\/obscom.intervozes.org.br\/index.php?rest_route=\/wp\/v2\/posts"}],"about":[{"href":"https:\/\/obscom.intervozes.org.br\/index.php?rest_route=\/wp\/v2\/types\/post"}],"author":[{"embeddable":true,"href":"https:\/\/obscom.intervozes.org.br\/index.php?rest_route=\/wp\/v2\/users\/1"}],"replies":[{"embeddable":true,"href":"https:\/\/obscom.intervozes.org.br\/index.php?rest_route=%2Fwp%2Fv2%2Fcomments&post=27570"}],"version-history":[{"count":1,"href":"https:\/\/obscom.intervozes.org.br\/index.php?rest_route=\/wp\/v2\/posts\/27570\/revisions"}],"predecessor-version":[{"id":28334,"href":"https:\/\/obscom.intervozes.org.br\/index.php?rest_route=\/wp\/v2\/posts\/27570\/revisions\/28334"}],"wp:attachment":[{"href":"https:\/\/obscom.intervozes.org.br\/index.php?rest_route=%2Fwp%2Fv2%2Fmedia&parent=27570"}],"wp:term":[{"taxonomy":"category","embeddable":true,"href":"https:\/\/obscom.intervozes.org.br\/index.php?rest_route=%2Fwp%2Fv2%2Fcategories&post=27570"},{"taxonomy":"post_tag","embeddable":true,"href":"https:\/\/obscom.intervozes.org.br\/index.php?rest_route=%2Fwp%2Fv2%2Ftags&post=27570"}],"curies":[{"name":"wp","href":"https:\/\/api.w.org\/{rel}","templated":true}]}}