{"id":27565,"date":"2013-10-03T10:32:22","date_gmt":"2013-10-03T10:32:22","guid":{"rendered":"https:\/\/obscom.intervozes.org.br\/wordpress\/?p=27565"},"modified":"2013-10-03T10:32:22","modified_gmt":"2013-10-03T10:32:22","slug":"justica-ordena-censura-da-reporter-brasil-em-caso-de-fiscalizacao-de-trabalho-escravo","status":"publish","type":"post","link":"https:\/\/obscom.intervozes.org.br\/?p=27565","title":{"rendered":"Justi\u00e7a ordena censura da Rep\u00f3rter Brasil em caso de fiscaliza\u00e7\u00e3o de trabalho escravo"},"content":{"rendered":"<p>A pedido da empresa Pinuscam &#8211; Ind&uacute;stria e Com&eacute;rcio de Madeira Ltda, o juiz titular da 43&ordf; Vara C&iacute;vel do Tribunal de Justi&ccedil;a do Estado de S&atilde;o Paulo, Miguel Ferrari J&uacute;nior, ordenou a censura de informa&ccedil;&otilde;es sobre uma a&ccedil;&atilde;o de fiscaliza&ccedil;&atilde;o do Minist&eacute;rio do Trabalho e Emprego e do Minist&eacute;rio P&uacute;blico do Trabalho divulgada pela Rep&oacute;rter Brasil. A opera&ccedil;&atilde;o resultou no resgate de 15 trabalhadores de condi&ccedil;&otilde;es an&aacute;logas &agrave;s de escravo, em Tunas do Paran&aacute; (PR), em 2012.<\/p>\n<p>A empresa obteve uma liminar que obriga a Rep&oacute;rter Brasil a retirar de seus sites &quot;qualquer informa&ccedil;&atilde;o que associe o nome da autora &agrave; explora&ccedil;&atilde;o escravagista do trabalho&quot;, sob pena de multa di&aacute;ria de R$ 2 mil. A Rep&oacute;rter Brasil est&aacute; recorrendo da decis&atilde;o.<br \/>&nbsp;<br \/>A informa&ccedil;&atilde;o sobre a opera&ccedil;&atilde;o teve como fonte o Minist&eacute;rio do Trabalho e Emprego e integra, no site da Rep&oacute;rter Brasil, uma se&ccedil;&atilde;o em que est&atilde;o listadas todas as opera&ccedil;&otilde;es de fiscaliza&ccedil;&atilde;o nas quais o poder p&uacute;blico afirma ter encontrado escravos desde 2003. Entre elas, o resgate na Pinuscam.<br \/>&nbsp;<br \/>A empresa entrou com a a&ccedil;&atilde;o temendo que a informa&ccedil;&atilde;o poderia causar danos &agrave; sua imagem. Ela firmou um acordo judicial, em dezembro de 2012, sobre o caso e o cita como exemplo de que n&atilde;o havia problemas sob sua responsabilidade.<br \/>&nbsp;<br \/>&quot;Um acordo n&atilde;o significa, em hip&oacute;tese alguma, reconhecimento de inexist&ecirc;ncia de pr&aacute;tica de trabalho an&aacute;logo ao de escravo. &Eacute; s&oacute; uma forma de solu&ccedil;&atilde;o do conflito judicializado&quot;, afirma Luercy Lopes, procurador do Minist&eacute;rio P&uacute;blico do Trabalho no Paran&aacute;, respons&aacute;vel pelo caso. <\/p>\n<p>&quot;Pelo contr&aacute;rio, o fundamento de v&aacute;rios pedidos formulados nas medidas ajuizadas foi justamente a exist&ecirc;ncia dessa modalidade de explora&ccedil;&atilde;o de trabalhadores, conforme se apurou nas inspe&ccedil;&otilde;es, realizadas nos locais de trabalho, pelos auditores fiscais e pelos representantes do MPT&quot;, completa.<br \/>&nbsp;<br \/>Dados sobre a&ccedil;&otilde;es de fiscaliza&ccedil;&otilde;es e resgates pelo governo brasileiro s&atilde;o de car&aacute;ter p&uacute;blico e acess&iacute;veis a qualquer cidad&atilde;o ou jornalista. Impedir a divulga&ccedil;&atilde;o dos resultados dessas opera&ccedil;&otilde;es &eacute; cercear a sociedade de informa&ccedil;&otilde;es de interesse p&uacute;blico que t&ecirc;m sido veiculadas cotidianamente por sites, TVs, r&aacute;dios, jornais e revistas desde que o pa&iacute;s criou seu sistema de combate ao trabalho escravo contempor&acirc;neo em 1995. E, portanto, dificultar o combate a esse problema.<br \/>&nbsp;<br \/>&quot;As informa&ccedil;&otilde;es sobre fiscaliza&ccedil;&otilde;es do Minist&eacute;rio do Trabalho e do Minist&eacute;rio P&uacute;blico s&atilde;o de dom&iacute;nio p&uacute;blico, de livre acesso a todos os cidad&atilde;os. &Eacute; um absurdo cogitar que, de uma hora para outra, o site n&atilde;o possa dar a seu p&uacute;blico conhecimento de informa&ccedil;&otilde;es p&uacute;blicas&quot;, afirmou Carlos Bezerra J&uacute;nior, deputado estadual pelo PSDB, autor da lei paulista de combate ao trabalho an&aacute;logo ao de escravo.<br \/>&nbsp;<br \/>J&aacute; o secret&aacute;rio executivo da Comiss&atilde;o Nacional para a Erradica&ccedil;&atilde;o do Trabalho Escravo, Jos&eacute; Guerra, diz que &quot;a publiciza&ccedil;&atilde;o de casos de fiscaliza&ccedil;&atilde;o de trabalho an&aacute;logo ao de escravo pelos ve&iacute;culos de comunica&ccedil;&atilde;o tem um papel central no combate a essa forma de explora&ccedil;&atilde;o no pa&iacute;s&quot;. A comiss&atilde;o integra a estrutura da Secretaria de Direitos Humanos da Presid&ecirc;ncia da Rep&uacute;blica.<br \/>&nbsp;<br \/>Como a liminar impede que a Rep&oacute;rter Brasil divulgue informa&ccedil;&atilde;o relacionando a empresa &agrave; explora&ccedil;&atilde;o de trabalho escravo e considerando que &eacute; imposs&iacute;vel tratar do assunto sem explic&aacute;-lo, isso impossibilita a divulga&ccedil;&atilde;o do caso pelo site da organiza&ccedil;&atilde;o.<br \/>&nbsp;<br \/>O processo corre sob o n&uacute;mero 1064878-54.2013.8.26.0100<\/p>\n<p><em>Fonte: Blog do Sakamoto<\/em><\/p>\n","protected":false},"excerpt":{"rendered":"<p>Empresa consegue na justi&ccedil;a calar den&uacute;ncias de que estaria explorando trabalho escravo. Informa&ccedil;&otilde;es foram originadas em fiscaliza&ccedil;&atilde;o do Minist&eacute;rio do Trabalho e Emprego.<\/p>\n","protected":false},"author":1,"featured_media":0,"comment_status":"open","ping_status":"open","sticky":false,"template":"","format":"standard","meta":{"footnotes":""},"categories":[40],"tags":[90],"_links":{"self":[{"href":"https:\/\/obscom.intervozes.org.br\/index.php?rest_route=\/wp\/v2\/posts\/27565"}],"collection":[{"href":"https:\/\/obscom.intervozes.org.br\/index.php?rest_route=\/wp\/v2\/posts"}],"about":[{"href":"https:\/\/obscom.intervozes.org.br\/index.php?rest_route=\/wp\/v2\/types\/post"}],"author":[{"embeddable":true,"href":"https:\/\/obscom.intervozes.org.br\/index.php?rest_route=\/wp\/v2\/users\/1"}],"replies":[{"embeddable":true,"href":"https:\/\/obscom.intervozes.org.br\/index.php?rest_route=%2Fwp%2Fv2%2Fcomments&post=27565"}],"version-history":[{"count":0,"href":"https:\/\/obscom.intervozes.org.br\/index.php?rest_route=\/wp\/v2\/posts\/27565\/revisions"}],"wp:attachment":[{"href":"https:\/\/obscom.intervozes.org.br\/index.php?rest_route=%2Fwp%2Fv2%2Fmedia&parent=27565"}],"wp:term":[{"taxonomy":"category","embeddable":true,"href":"https:\/\/obscom.intervozes.org.br\/index.php?rest_route=%2Fwp%2Fv2%2Fcategories&post=27565"},{"taxonomy":"post_tag","embeddable":true,"href":"https:\/\/obscom.intervozes.org.br\/index.php?rest_route=%2Fwp%2Fv2%2Ftags&post=27565"}],"curies":[{"name":"wp","href":"https:\/\/api.w.org\/{rel}","templated":true}]}}