{"id":27564,"date":"2013-10-01T10:31:31","date_gmt":"2013-10-01T10:31:31","guid":{"rendered":"https:\/\/obscom.intervozes.org.br\/wordpress\/?p=27564"},"modified":"2013-10-01T10:31:31","modified_gmt":"2013-10-01T10:31:31","slug":"brasilia-discute-compromissos-do-governo-do-df-com-politicas-de-comunicacao","status":"publish","type":"post","link":"https:\/\/obscom.intervozes.org.br\/?p=27564","title":{"rendered":"Bras\u00edlia discute compromissos do governo do DF com pol\u00edticas de comunica\u00e7\u00e3o"},"content":{"rendered":"<p><strong>Reda&ccedil;&atilde;o &#8211; Assessoria da C&acirc;mara Legislativa do DF<\/strong><\/p>\n<p>A C&acirc;mara Legislativa realiza nesta quinta-feira, 3 de outubro, &agrave;s 15h, uma Comiss&atilde;o Geral para debater entre governo, sociedade civil e parlamentares os desdobramentos do #ComunicaDF. H&aacute; um ano, Governo do Distrito Federal, entidades da sociedade civil e a C&acirc;mara Legislativa se reuniram para formular propostas de pol&iacute;ticas de comunica&ccedil;&atilde;o para o DF no 1 &deg; Semin&aacute;rio de Comunica&ccedil;&atilde;o P&uacute;blica do Distrito Federal &#8211; #ComunicaDF. O evento teve por objetivo a constru&ccedil;&atilde;o de pol&iacute;ticas p&uacute;blicas em di&aacute;logo com a sociedade civil, o que possibilitou a retomada do debate iniciado na Confer&ecirc;ncia Nacional de Comunica&ccedil;&atilde;o, em 2009. <\/p>\n<p>Foram aprovados no semin&aacute;rio 12 propostas priorit&aacute;rias de a&ccedil;&atilde;o pelo governo, entre elas, a cria&ccedil;&atilde;o do Conselho Distrital de Comunica&ccedil;&atilde;o e espa&ccedil;os participativos de discuss&atilde;o; o fortalecimento da Secretaria de Comunica&ccedil;&atilde;o do DF; a cria&ccedil;&atilde;o de um sistema p&uacute;blico de comunica&ccedil;&atilde;o; o investimento em centros comunit&aacute;rios de produ&ccedil;&atilde;o de m&iacute;dia; a universaliza&ccedil;&atilde;o do acesso &agrave; internet no Distrito Federal; a revitaliza&ccedil;&atilde;o do p&oacute;lo de cinema; a cria&ccedil;&atilde;o de um fundo p&uacute;blico para a comunica&ccedil;&atilde;o; a valoriza&ccedil;&atilde;o da educomunica&ccedil;&atilde;o; e a promo&ccedil;&atilde;o da diversidade e pluralidade da m&iacute;dia local. <\/p>\n","protected":false},"excerpt":{"rendered":"<p>Reda&ccedil;&atilde;o &#8211; Assessoria da C&acirc;mara Legislativa do DF A C&acirc;mara Legislativa realiza nesta quinta-feira, 3 de outubro, &agrave;s 15h, uma Comiss&atilde;o Geral para debater entre governo, sociedade civil e parlamentares os desdobramentos do #ComunicaDF. H&aacute; um ano, Governo do Distrito Federal, entidades da sociedade civil e a C&acirc;mara Legislativa se reuniram para formular propostas de &hellip; <a href=\"https:\/\/obscom.intervozes.org.br\/?p=27564\" class=\"more-link\">Continue lendo <span class=\"screen-reader-text\">Bras\u00edlia discute compromissos do governo do DF com pol\u00edticas de comunica\u00e7\u00e3o<\/span> <span class=\"meta-nav\">&rarr;<\/span><\/a><\/p>\n","protected":false},"author":1,"featured_media":0,"comment_status":"open","ping_status":"open","sticky":false,"template":"","format":"standard","meta":{"footnotes":""},"categories":[39],"tags":[],"_links":{"self":[{"href":"https:\/\/obscom.intervozes.org.br\/index.php?rest_route=\/wp\/v2\/posts\/27564"}],"collection":[{"href":"https:\/\/obscom.intervozes.org.br\/index.php?rest_route=\/wp\/v2\/posts"}],"about":[{"href":"https:\/\/obscom.intervozes.org.br\/index.php?rest_route=\/wp\/v2\/types\/post"}],"author":[{"embeddable":true,"href":"https:\/\/obscom.intervozes.org.br\/index.php?rest_route=\/wp\/v2\/users\/1"}],"replies":[{"embeddable":true,"href":"https:\/\/obscom.intervozes.org.br\/index.php?rest_route=%2Fwp%2Fv2%2Fcomments&post=27564"}],"version-history":[{"count":0,"href":"https:\/\/obscom.intervozes.org.br\/index.php?rest_route=\/wp\/v2\/posts\/27564\/revisions"}],"wp:attachment":[{"href":"https:\/\/obscom.intervozes.org.br\/index.php?rest_route=%2Fwp%2Fv2%2Fmedia&parent=27564"}],"wp:term":[{"taxonomy":"category","embeddable":true,"href":"https:\/\/obscom.intervozes.org.br\/index.php?rest_route=%2Fwp%2Fv2%2Fcategories&post=27564"},{"taxonomy":"post_tag","embeddable":true,"href":"https:\/\/obscom.intervozes.org.br\/index.php?rest_route=%2Fwp%2Fv2%2Ftags&post=27564"}],"curies":[{"name":"wp","href":"https:\/\/api.w.org\/{rel}","templated":true}]}}