{"id":27563,"date":"2013-09-30T09:46:27","date_gmt":"2013-09-30T09:46:27","guid":{"rendered":"https:\/\/obscom.intervozes.org.br\/wordpress\/?p=27563"},"modified":"2013-09-30T09:46:27","modified_gmt":"2013-09-30T09:46:27","slug":"assembleia-legislativa-do-parana-realiza-audiencia-publica-sobre-situacao-de-tv-educativa","status":"publish","type":"post","link":"https:\/\/obscom.intervozes.org.br\/?p=27563","title":{"rendered":"Assembl\u00e9ia Legislativa do Paran\u00e1 realiza audi\u00eancia p\u00fablica sobre situa\u00e7\u00e3o de TV Educativa"},"content":{"rendered":"<p><strong>Reda&ccedil;&atilde;o &#8211; Sindijor-PR<\/strong><\/p>\n<p>Est&aacute; agendada para o dia 2 de  outubro (quarta-feira), &agrave;s 9 horas, atrav&eacute;s da Comiss&atilde;o de Direitos  Humanos da Assembleia Legislativa do Paran&aacute; (ALEP), uma reuni&atilde;o p&uacute;blica  entre representantes do governo ou da Secretaria de Comunica&ccedil;&atilde;o Social  do estado, com o Sindicato dos Jornalistas (Sindijor-PR) para discutir a  situa&ccedil;&atilde;o da R&aacute;dio e Televis&atilde;o Educativa do Paran&aacute; (RTVE). O encontro  ser&aacute; na pr&oacute;pria ALEP, na Sala das Comiss&otilde;es.<\/p>\n<p>Uma das principais  atividades da atual gest&atilde;o do Sindijor-PR &eacute; a luta por uma TV e R&aacute;dio  p&uacute;blica que atenda aos interesses da sociedade e que respeite seus  trabalhadores. No in&iacute;cio de setembro uma proposta que tramita na  Assembleia Legislativa do Paran&aacute; transfere a produ&ccedil;&atilde;o de conte&uacute;do da  RTVE para &quot;servi&ccedil;o social aut&ocirc;nomo&quot;. Para o Sindijor-PR, o governo deve  mais explica&ccedil;&otilde;es &agrave; sociedade. <\/p>\n","protected":false},"excerpt":{"rendered":"<p>Reda&ccedil;&atilde;o &#8211; Sindijor-PR Est&aacute; agendada para o dia 2 de outubro (quarta-feira), &agrave;s 9 horas, atrav&eacute;s da Comiss&atilde;o de Direitos Humanos da Assembleia Legislativa do Paran&aacute; (ALEP), uma reuni&atilde;o p&uacute;blica entre representantes do governo ou da Secretaria de Comunica&ccedil;&atilde;o Social do estado, com o Sindicato dos Jornalistas (Sindijor-PR) para discutir a situa&ccedil;&atilde;o da R&aacute;dio e &hellip; <a href=\"https:\/\/obscom.intervozes.org.br\/?p=27563\" class=\"more-link\">Continue lendo <span class=\"screen-reader-text\">Assembl\u00e9ia Legislativa do Paran\u00e1 realiza audi\u00eancia p\u00fablica sobre situa\u00e7\u00e3o de TV Educativa<\/span> <span class=\"meta-nav\">&rarr;<\/span><\/a><\/p>\n","protected":false},"author":1,"featured_media":0,"comment_status":"open","ping_status":"open","sticky":false,"template":"","format":"standard","meta":{"footnotes":""},"categories":[39],"tags":[],"_links":{"self":[{"href":"https:\/\/obscom.intervozes.org.br\/index.php?rest_route=\/wp\/v2\/posts\/27563"}],"collection":[{"href":"https:\/\/obscom.intervozes.org.br\/index.php?rest_route=\/wp\/v2\/posts"}],"about":[{"href":"https:\/\/obscom.intervozes.org.br\/index.php?rest_route=\/wp\/v2\/types\/post"}],"author":[{"embeddable":true,"href":"https:\/\/obscom.intervozes.org.br\/index.php?rest_route=\/wp\/v2\/users\/1"}],"replies":[{"embeddable":true,"href":"https:\/\/obscom.intervozes.org.br\/index.php?rest_route=%2Fwp%2Fv2%2Fcomments&post=27563"}],"version-history":[{"count":0,"href":"https:\/\/obscom.intervozes.org.br\/index.php?rest_route=\/wp\/v2\/posts\/27563\/revisions"}],"wp:attachment":[{"href":"https:\/\/obscom.intervozes.org.br\/index.php?rest_route=%2Fwp%2Fv2%2Fmedia&parent=27563"}],"wp:term":[{"taxonomy":"category","embeddable":true,"href":"https:\/\/obscom.intervozes.org.br\/index.php?rest_route=%2Fwp%2Fv2%2Fcategories&post=27563"},{"taxonomy":"post_tag","embeddable":true,"href":"https:\/\/obscom.intervozes.org.br\/index.php?rest_route=%2Fwp%2Fv2%2Ftags&post=27563"}],"curies":[{"name":"wp","href":"https:\/\/api.w.org\/{rel}","templated":true}]}}