{"id":27561,"date":"2013-09-25T15:58:05","date_gmt":"2013-09-25T15:58:05","guid":{"rendered":"https:\/\/obscom.intervozes.org.br\/wordpress\/?p=27561"},"modified":"2013-09-25T15:58:05","modified_gmt":"2013-09-25T15:58:05","slug":"conjuve-promove-debate-sobre-direito-a-comunicacao-e-juventude","status":"publish","type":"post","link":"https:\/\/obscom.intervozes.org.br\/?p=27561","title":{"rendered":"Conjuve promove debate sobre direito \u00e0 comunica\u00e7\u00e3o e juventude"},"content":{"rendered":"<p><strong>Reda&ccedil;&atilde;o &#8211; Conjuve<\/strong><\/p>\n<p>O Conselho Nacional da Juventude, Conjuve, realiza nos dias 26 e 27 de setembro o Semin&aacute;rio de Comunica&ccedil;&atilde;o. O encontro acontece em Bras&iacute;lia, no audit&oacute;rio t&eacute;rreo do Minist&eacute;rio do Trabalho (bloco F da Esplanada dos Minist&eacute;rios), junto com a reuni&atilde;o ordin&aacute;ria do conselho, e &eacute; aberto ao p&uacute;blico. <\/p>\n<p>O Conjuve inicia, assim, uma s&eacute;rie de discuss&otilde;es sobre o direito &agrave; comunica&ccedil;&atilde;o e juventude, inclu&iacute;dos no Estatuto da Juventude aprovado este ano. A abertura do Semin&aacute;rio de Comunica&ccedil;&atilde;o ser&aacute; acompanhada de um ato pol&iacute;tico pela democratiza&ccedil;&atilde;o dos meios de comunica&ccedil;&atilde;o com a assinatura do termo de compromisso do Conjuve com o Projeto de Lei da M&iacute;dia Democr&aacute;tica.<\/p>\n<p>Veja a programa&ccedil;&atilde;o completa do evento em <a href=\"http:\/\/www.juventude.gov.br\/conjuve\/noticias\/2013\/09\/23-09-2013-conjuve-se-reune-de-25-a-27-de-setembro-em-brasilia\">http:\/\/www.juventude.gov.br\/conjuve\/noticias\/2013\/09\/23-09-2013-conjuve-se-reune-de-25-a-27-de-setembro-em-brasilia<\/a> <\/p>\n","protected":false},"excerpt":{"rendered":"<p>Reda&ccedil;&atilde;o &#8211; Conjuve O Conselho Nacional da Juventude, Conjuve, realiza nos dias 26 e 27 de setembro o Semin&aacute;rio de Comunica&ccedil;&atilde;o. O encontro acontece em Bras&iacute;lia, no audit&oacute;rio t&eacute;rreo do Minist&eacute;rio do Trabalho (bloco F da Esplanada dos Minist&eacute;rios), junto com a reuni&atilde;o ordin&aacute;ria do conselho, e &eacute; aberto ao p&uacute;blico. O Conjuve inicia, assim, &hellip; <a href=\"https:\/\/obscom.intervozes.org.br\/?p=27561\" class=\"more-link\">Continue lendo <span class=\"screen-reader-text\">Conjuve promove debate sobre direito \u00e0 comunica\u00e7\u00e3o e juventude<\/span> <span class=\"meta-nav\">&rarr;<\/span><\/a><\/p>\n","protected":false},"author":1,"featured_media":0,"comment_status":"open","ping_status":"open","sticky":false,"template":"","format":"standard","meta":{"footnotes":""},"categories":[39],"tags":[],"_links":{"self":[{"href":"https:\/\/obscom.intervozes.org.br\/index.php?rest_route=\/wp\/v2\/posts\/27561"}],"collection":[{"href":"https:\/\/obscom.intervozes.org.br\/index.php?rest_route=\/wp\/v2\/posts"}],"about":[{"href":"https:\/\/obscom.intervozes.org.br\/index.php?rest_route=\/wp\/v2\/types\/post"}],"author":[{"embeddable":true,"href":"https:\/\/obscom.intervozes.org.br\/index.php?rest_route=\/wp\/v2\/users\/1"}],"replies":[{"embeddable":true,"href":"https:\/\/obscom.intervozes.org.br\/index.php?rest_route=%2Fwp%2Fv2%2Fcomments&post=27561"}],"version-history":[{"count":0,"href":"https:\/\/obscom.intervozes.org.br\/index.php?rest_route=\/wp\/v2\/posts\/27561\/revisions"}],"wp:attachment":[{"href":"https:\/\/obscom.intervozes.org.br\/index.php?rest_route=%2Fwp%2Fv2%2Fmedia&parent=27561"}],"wp:term":[{"taxonomy":"category","embeddable":true,"href":"https:\/\/obscom.intervozes.org.br\/index.php?rest_route=%2Fwp%2Fv2%2Fcategories&post=27561"},{"taxonomy":"post_tag","embeddable":true,"href":"https:\/\/obscom.intervozes.org.br\/index.php?rest_route=%2Fwp%2Fv2%2Ftags&post=27561"}],"curies":[{"name":"wp","href":"https:\/\/api.w.org\/{rel}","templated":true}]}}