{"id":27560,"date":"2013-09-25T13:25:06","date_gmt":"2013-09-25T13:25:06","guid":{"rendered":"https:\/\/obscom.intervozes.org.br\/wordpress\/?p=27560"},"modified":"2013-09-25T13:25:06","modified_gmt":"2013-09-25T13:25:06","slug":"stf-decide-por-nao-criminalizar-radio-comunitaria-de-baixa-potencia","status":"publish","type":"post","link":"https:\/\/obscom.intervozes.org.br\/?p=27560","title":{"rendered":"STF decide por n\u00e3o criminalizar r\u00e1dio comunit\u00e1ria de baixa pot\u00eancia"},"content":{"rendered":"<p><!--[if gte mso 9]><xml>  <w:WordDocument>   <w:View>Normal<\/w:View>   <w:Zoom>0<\/w:Zoom>   <w:HyphenationZone>21<\/w:HyphenationZone>   <w:PunctuationKerning\/>   <w:ValidateAgainstSchemas\/>   <w:SaveIfXMLInvalid>false<\/w:SaveIfXMLInvalid>   <w:IgnoreMixedContent>false<\/w:IgnoreMixedContent>   <w:AlwaysShowPlaceholderText>false<\/w:AlwaysShowPlaceholderText>   <w:Compatibility>    <w:BreakWrappedTables\/>    <w:SnapToGridInCell\/>    <w:WrapTextWithPunct\/>    <w:UseAsianBreakRules\/>    <w:DontGrowAutofit\/>   <\/w:Compatibility>   <w:BrowserLevel>MicrosoftInternetExplorer4<\/w:BrowserLevel>  <\/w:WordDocument> <\/xml><![endif]-->  <\/p>\n<p class=\"MsoNormal\">O Supremo Tribunal Federal (STF) decidiu pelo n&atilde;o cabimento de processo criminal no caso de Josu&eacute; da Silva Justino, autuado por operar sem autoriza&ccedil;&atilde;o da Ag&ecirc;ncia Nacional de Telecomunica&ccedil;&otilde;es (Anatel) uma r&aacute;dio de baixa pot&ecirc;ncia (20 w) na comunidade de Santo Ant&ocirc;nio do Matupi, no munic&iacute;pio de Manicor&eacute;, distante 332 km de Manaus(AM). O prazo para recursos terminou no dia 6 de setembro, sendo acatada a senten&ccedil;a. A decis&atilde;o se deu por unanimidade e pode apontar no sentido da consolida&ccedil;&atilde;o de uma jurisprud&ecirc;ncia favor&aacute;vel &agrave; discriminaliza&ccedil;&atilde;o das r&aacute;dios comunit&aacute;rias.<\/p>\n<p>O Minist&eacute;rio P&uacute;blico denunciou o caso com base no artigo 183 da lei 9.472\/97, que trata dos servi&ccedil;os de telecomunica&ccedil;&otilde;es. O texto prev&ecirc;<span>&nbsp; <\/span>pena de deten&ccedil;&atilde;o de dois a quatro anos e multa de R$ 10 mil reais para quem &ldquo;desenvolver clandestinamente atividades de telecomunica&ccedil;&atilde;o&rdquo;. Valeu, por&eacute;m, no julgamento do caso o apelo ao princ&iacute;pio da insignific&acirc;ncia, segundo o qual a Justi&ccedil;a n&atilde;o pode ser acionada em casos de menor gravidade, onde n&atilde;o h&aacute; grande risco para a sociedade.<\/p>\n<p>A decis&atilde;o do tribunal considerou que &ldquo;o transmissor utilizado pela emissora operava com pot&ecirc;ncia de 20 watts e o funcionamento de tal transmissor n&atilde;o tinha aptid&atilde;o para causar problemas ou interfer&ecirc;ncias prejudiciais em servi&ccedil;os de emerg&ecirc;ncia&rdquo;. Entendeu-se tamb&eacute;m como &ldquo;remota a possibilidade de que pudesse causar algum preju&iacute;zo para outros meios de comunica&ccedil;&atilde;o&rdquo;.<\/p>\n<p>Em pelo menos outros dois casos, que tamb&eacute;m tiveram como relator o ministro Ricardo Lewandowsky, o STF decidiu pela improced&ecirc;ncia do processo criminal devido ao princ&iacute;pio da insignific&acirc;ncia. Em fevereiro deste ano, foi publicada a decis&atilde;o de cassar a a&ccedil;&atilde;o penal contra um diretor de r&aacute;dio comunit&aacute;ria em Cama&ccedil;ari (BA), que operava com um transmissor de 32,5 watts. Em dezembro de 2010, aconteceu o mesmo com dois diretores de uma r&aacute;dio ga&uacute;cha de 25 watts de pot&ecirc;ncia que operava em Inhacor&aacute; (RS).<\/p>\n<p>As decis&otilde;es se aplicam a casos espec&iacute;ficos e n&atilde;o h&aacute; nenhuma declara&ccedil;&atilde;o de inconstitucionalidade do artigo que prev&ecirc; a instaura&ccedil;&atilde;o de processo criminal contra os comunicadores populares. Ainda assim, Arthur William, membro do conselho do Intervozes, considera que &ldquo;na pr&aacute;tica estamos vendo acontecer a discriminaliza&ccedil;&atilde;o da r&aacute;dio comunit&aacute;ria de baixa pot&ecirc;ncia&rdquo;. Segundo ele, espera-se que haja uma diminui&ccedil;&atilde;o da persegui&ccedil;&atilde;o &agrave;s emissoras comunit&aacute;rias.<\/p>\n<p>Pedro Martins, da Associa&ccedil;&atilde;o Mundial de R&aacute;dios Comunit&aacute;rias (Amarc- Brasil), &eacute; otimista com a decis&atilde;o em rela&ccedil;&atilde;o ao caso da r&aacute;dio amazonense. Para ele, &ldquo;abre-se um campo de discuss&atilde;o que pode fazer com que novas iniciativas surjam&rdquo; e que vai &ldquo;se criando uma jurisprud&ecirc;ncia que pode ser importante para outras r&aacute;dios livres e comunit&aacute;rias&rdquo;. Segundo ele, o Brasil e a Guatemala s&atilde;o os &uacute;nicos pa&iacute;ses que tratam como crime a radiodifus&atilde;o de baix&iacute;ssima pot&ecirc;ncia e essa situa&ccedil;&atilde;o precisa ser modificada.<\/p>\n<p>O defensor p&uacute;blico Esdras Santos Carvalho, que tratou do caso da r&aacute;dio amazonense, afirma que tipificar como crime a instala&ccedil;&atilde;o de emissoras de baixa pot&ecirc;ncia com finalidade comunit&aacute;ria<span>&nbsp; <\/span>&ldquo;seria desnecess&aacute;rio para atender o objetivo de controle&rdquo; das telecomunica&ccedil;&otilde;es que o Estado deve cumprir. A repress&atilde;o excessiva, que leva ao acionamento da esfera criminal, acontece &ldquo;por press&atilde;o do interesse de r&aacute;dios regularmente constitu&iacute;das e de interesse comercial&rdquo;, acredita.<\/p>\n<p>Embora no caso da r&aacute;dio comunit&aacute;ria amazonense se tenha recusado a a&ccedil;&atilde;o criminal, a r&aacute;dio segue impedida de operar. A proibi&ccedil;&atilde;o, por&eacute;m, &eacute; da compet&ecirc;ncia espec&iacute;fica da justi&ccedil;a administrativa e civil, n&atilde;o implicando nesse caso os desdobramentos de um processo que considera crime o descumprimento da norma. Propostas como a do deputado Assis Carvalho (PT\/PI) de conceder anistia a  quem opera em pot&ecirc;ncia abaixo de 100 watts, t&ecirc;m sido rejeitadas no  Congresso, sob a press&atilde;o do lobby da radiodifus&atilde;o comercial.<\/p>\n<p>  <!--[if gte mso 9]><xml>  <w:LatentStyles DefLockedState=\"false\" LatentStyleCount=\"156\">  <\/w:LatentStyles> <\/xml><![endif]--><!--[if !mso]>\n\n<div   classid=\"clsid:38481807-CA0E-42D2-BF39-B33AF135CC4D\" id=ieooui><\/div>\n\n \n\n<style> st1:*{behavior:url(#ieooui) } <\/style>\n\n <![endif]--><!--[if gte mso 10]> \n\n<style>  \/* Style Definitions *\/  table.MsoNormalTable \t{mso-style-name:\"Tabela normal\"; \tmso-tstyle-rowband-size:0; \tmso-tstyle-colband-size:0; \tmso-style-noshow:yes; \tmso-style-parent:\"\"; \tmso-padding-alt:0cm 5.4pt 0cm 5.4pt; \tmso-para-margin:0cm; \tmso-para-margin-bottom:.0001pt; \tmso-pagination:widow-orphan; \tfont-size:10.0pt; \tfont-family:\"Times New Roman\"; \tmso-ansi-language:#0400; \tmso-fareast-language:#0400; \tmso-bidi-language:#0400;} <\/style>\n\n <![endif]--><\/p>\n","protected":false},"excerpt":{"rendered":"<p><!--[if gte mso 9]><xml>  <w:WordDocument>   <w:View>Normal<\/w:View>   <w:Zoom>0<\/w:Zoom>   <w:HyphenationZone>21<\/w:HyphenationZone>   <w:PunctuationKerning\/>   <w:ValidateAgainstSchemas\/>   <w:SaveIfXMLInvalid>false<\/w:SaveIfXMLInvalid>   <w:IgnoreMixedContent>false<\/w:IgnoreMixedContent>   <w:AlwaysShowPlaceholderText>false<\/w:AlwaysShowPlaceholderText>   <w:Compatibility>    <w:BreakWrappedTables\/>    <w:SnapToGridInCell\/>    <w:WrapTextWithPunct\/>    <w:UseAsianBreakRules\/>    <w:DontGrowAutofit\/>   <\/w:Compatibility>   <w:BrowserLevel>MicrosoftInternetExplorer4<\/w:BrowserLevel>  <\/w:WordDocument> <\/xml><![endif]-->  <\/p>\n<p class=\"MsoNormal\">Foi aplicado o&nbsp; princ&iacute;pio da insignific&acirc;ncia para n&atilde;o dar prosseguimento a a&ccedil;&atilde;o criminal contra r&aacute;dio amazonense<\/p>\n<p>  <!--[if gte mso 9]><xml>  <w:LatentStyles DefLockedState=\"false\" LatentStyleCount=\"156\">  <\/w:LatentStyles> <\/xml><![endif]--><!--[if gte mso 10]> \n\n<style>  \/* Style Definitions *\/  table.MsoNormalTable \t{mso-style-name:\"Tabela normal\"; \tmso-tstyle-rowband-size:0; \tmso-tstyle-colband-size:0; \tmso-style-noshow:yes; \tmso-style-parent:\"\"; \tmso-padding-alt:0cm 5.4pt 0cm 5.4pt; \tmso-para-margin:0cm; \tmso-para-margin-bottom:.0001pt; \tmso-pagination:widow-orphan; \tfont-size:10.0pt; \tfont-family:\"Times New Roman\"; \tmso-ansi-language:#0400; \tmso-fareast-language:#0400; \tmso-bidi-language:#0400;} <\/style>\n\n <![endif]--><\/p>\n","protected":false},"author":1,"featured_media":0,"comment_status":"open","ping_status":"open","sticky":false,"template":"","format":"standard","meta":{"footnotes":""},"categories":[40],"tags":[1560],"_links":{"self":[{"href":"https:\/\/obscom.intervozes.org.br\/index.php?rest_route=\/wp\/v2\/posts\/27560"}],"collection":[{"href":"https:\/\/obscom.intervozes.org.br\/index.php?rest_route=\/wp\/v2\/posts"}],"about":[{"href":"https:\/\/obscom.intervozes.org.br\/index.php?rest_route=\/wp\/v2\/types\/post"}],"author":[{"embeddable":true,"href":"https:\/\/obscom.intervozes.org.br\/index.php?rest_route=\/wp\/v2\/users\/1"}],"replies":[{"embeddable":true,"href":"https:\/\/obscom.intervozes.org.br\/index.php?rest_route=%2Fwp%2Fv2%2Fcomments&post=27560"}],"version-history":[{"count":0,"href":"https:\/\/obscom.intervozes.org.br\/index.php?rest_route=\/wp\/v2\/posts\/27560\/revisions"}],"wp:attachment":[{"href":"https:\/\/obscom.intervozes.org.br\/index.php?rest_route=%2Fwp%2Fv2%2Fmedia&parent=27560"}],"wp:term":[{"taxonomy":"category","embeddable":true,"href":"https:\/\/obscom.intervozes.org.br\/index.php?rest_route=%2Fwp%2Fv2%2Fcategories&post=27560"},{"taxonomy":"post_tag","embeddable":true,"href":"https:\/\/obscom.intervozes.org.br\/index.php?rest_route=%2Fwp%2Fv2%2Ftags&post=27560"}],"curies":[{"name":"wp","href":"https:\/\/api.w.org\/{rel}","templated":true}]}}