{"id":27559,"date":"2013-09-23T11:55:30","date_gmt":"2013-09-23T11:55:30","guid":{"rendered":"https:\/\/obscom.intervozes.org.br\/wordpress\/?p=27559"},"modified":"2013-09-23T11:55:30","modified_gmt":"2013-09-23T11:55:30","slug":"fndc-fortalecendo-a-luta-pela-democratizacao-da-comunicacao","status":"publish","type":"post","link":"https:\/\/obscom.intervozes.org.br\/?p=27559","title":{"rendered":"FNDC: fortalecendo a luta pela democratiza\u00e7\u00e3o da comunica\u00e7\u00e3o"},"content":{"rendered":"<p>Com ampla representatividade, aconteceu no domingo, 22, a XVII Plen&aacute;ria Nacional do FNDC, em Bras&iacute;lia. No encontro&nbsp; foi&nbsp; aprovado o novo estatuto social da entidade, para desburocratizar o F&oacute;rum e empoderar a luta pela democratiza&ccedil;&atilde;o da comunica&ccedil;&atilde;o nos estados.<\/p>\n<p>Para Rosane Bertotti, coordenadora geral do FNDC, as mudan&ccedil;as na estrutura, organiza&ccedil;&atilde;o e participa&ccedil;&atilde;o, aprovadas no encontro, fortalecem a entidade e robustecem a luta pelo direito a comunica&ccedil;&atilde;o.&nbsp; &quot;O debate do estatuto &eacute; resultado do processo da pol&iacute;tico de crescimento do FNDC. E fortalecer o FNDC &eacute; fortalecer a luta&quot;. Ela explica que o F&oacute;rum j&aacute; vinha de um processo de amplia&ccedil;&atilde;o nos &uacute;ltimos meses.<\/p>\n<p>&ldquo;A amplia&ccedil;&atilde;o do FNDC com certeza j&aacute; &eacute; resultado das a&ccedil;&otilde;es de junho (manifesta&ccedil;&otilde;es nas ruas), que trouxe com muita clareza o tema da democratiza&ccedil;&atilde;o da comunica&ccedil;&atilde;o, mas tamb&eacute;m&nbsp; tamb&eacute;m &eacute; resultado do crescimento e do amadurecimento do F&oacute;rum e das lutas que vem construindo ao longo da hist&oacute;ria&rdquo;.<\/p>\n<p>Nos &uacute;ltimos meses o F&oacute;rum recebeu centenas novas afilia&ccedil;&otilde;es. A Plen&aacute;ria refletiu esse crescimento, com a representatividade de 18 estados,&nbsp; a inscri&ccedil;&atilde;o de 34 delegados dos comit&ecirc;s estaduais e 28 das entidades nacionais. Atualmente a entidade conta com 235 entidades afiliadas.<\/p>\n<p>&ldquo;O evento correspondeu &agrave;s expectativas, cumpriu seu papel. Apenas quatro delegados n&atilde;o vieram. Acho que foi uma das maiores plen&aacute;rias da entidade em termos de representatividade dos estados&rdquo;, disse.<\/p>\n<p>A Plen&aacute;ria votou pela intensifica&ccedil;&atilde;o da coletas de assinaturas do Projeto de Lei da M&iacute;dia Democr&aacute;tica, a&ccedil;&atilde;o da campanha &ldquo;Para Expressar a Liberdade&rdquo;. &ldquo;Vamos &agrave;s ruas principalmente em outubro, m&ecirc;s da democratiza&ccedil;&atilde;o da comunica&ccedil;&atilde;o, para ampliar o debate com a sociedade, reverberando assim em novas assinaturas do Projeto de Lei&rdquo;, explicou. Os participantes trouxeram &agrave; Bras&iacute;lia as listas de assinaturas coletadas nos estados. O FNDC, que coordena a campanha, divulgar&aacute;, em breve, o resultado da 1&ordf; coleta nacional.<br \/><strong><br \/>Marco Civil da Internet<\/strong><\/p>\n<p>A XVII Plen&aacute;ria Nacional teve em seu encerramento um ato p&uacute;blico de apoio ao Marco Civil da Internet, que contou com a participa&ccedil;&atilde;o de Laura Tresca (Artigo 19) e v&iacute;deo de apoio do Deputado Federal Alessandro Molon (PT\/RJ), relator do projeto de lei no Congresso Nacional. Tamb&eacute;m foi aprovada pela Plen&aacute;ria uma mo&ccedil;&atilde;o de apoio &agrave; aprova&ccedil;&atilde;o do projeto.<\/p>\n<p><strong>Mo&ccedil;&otilde;es<\/strong><\/p>\n<p>A XVII Plen&aacute;ria do FNDC aprovou mo&ccedil;&otilde;es de apoio ao Projeto de Lei (PL) n.&ordm; 5.921\/01, que pro&iacute;be a publicidade e a propaganda para a venda de produtos infantis; de apoio &agrave; Empresa Pernambucana de Comunica&ccedil;&atilde;o; e de apoio aos trabalhadores da Fitratelp &#8211; Federa&ccedil;&atilde;o Interestadual dos Trabalhadores e Pesquisadores em Servi&ccedil;o de Telecomunica&ccedil;&otilde;es.<\/p>\n<p>Foram aprovadas tamb&eacute;m mo&ccedil;&otilde;es de rep&uacute;dio &agrave; demiss&atilde;o de dirigentes sindicais na Abril Educa&ccedil;&atilde;o, de rep&uacute;dio &agrave;s operadoras de telefonia fixa, m&oacute;vel e servi&ccedil;o de internet, al&eacute;m das mo&ccedil;&otilde;es de rep&uacute;dio contra as arbitrariedades do Governo Estadual &agrave; Rede Minas, de rep&uacute;dio ao PL n.&ordm;&nbsp; 478, de 2007 (Estatuto do Nascituro), e contra a viol&ecirc;ncia praticada por policiais aos manifestantes e aos profissionais de comunica&ccedil;&atilde;o.<\/p>\n<p>Tamb&eacute;m foi aprovada mo&ccedil;&atilde;o em rep&uacute;dio &agrave; criminaliza&ccedil;&atilde;o das r&aacute;dios comunit&aacute;rias e de Jerry de Oliveira, dirigente da sess&atilde;o paulista da Associa&ccedil;&atilde;o Brasileira de R&aacute;dios Comunit&aacute;rias (Abra&ccedil;o), que pode ser condenado &agrave; pena de 5 anos e 2 meses de pris&atilde;o por resistir &agrave; tentativa de apreens&atilde;o de equipamentos pela Ag&ecirc;ncia Nacional de Telecomunica&ccedil;&otilde;es (Anatel).<\/p>\n<p>Tamb&eacute;m foram aprovadas mon&ccedil;&otilde;es de apoio &agrave; regulamenta&ccedil;&atilde;o da radiodifus&atilde;o, de rep&uacute;dio&nbsp; ao&nbsp; PL 5.992\/2013 e apoio &agrave; regionaliza&ccedil;&atilde;o da produ&ccedil;&atilde;o de conte&uacute;do e &agrave; diversidade, e de apoio &agrave; implementa&ccedil;&atilde;o de Conselhos Estaduais de Comunica&ccedil;&atilde;o.<\/p>\n<p>Dentre outras, a plen&aacute;ria aprovou tamb&eacute;m mo&ccedil;&atilde;o de rep&uacute;dio &agrave; Lei da Terceiriza&ccedil;&atilde;o (PL n.&ordm; 4330) assim como ao leil&atilde;o do Pr&eacute;-sal. <\/p>\n<p>A pr&oacute;xima plen&aacute;ria do FNDC dever&aacute; ser&nbsp; realizada entre mar&ccedil;o e abril de 2014, com vota&ccedil;&atilde;o dos novos quadros de dire&ccedil;&atilde;o da entidade.<\/p>\n","protected":false},"excerpt":{"rendered":"<p>A XVII Plen&aacute;ria Nacional do F&oacute;rum terminou neste domingo com a aprova&ccedil;&atilde;o de novo estatuto social e ato p&uacute;blico de apoio ao Marco Civil da Internet<\/p>\n","protected":false},"author":1,"featured_media":0,"comment_status":"open","ping_status":"open","sticky":false,"template":"","format":"standard","meta":{"footnotes":""},"categories":[40],"tags":[830],"_links":{"self":[{"href":"https:\/\/obscom.intervozes.org.br\/index.php?rest_route=\/wp\/v2\/posts\/27559"}],"collection":[{"href":"https:\/\/obscom.intervozes.org.br\/index.php?rest_route=\/wp\/v2\/posts"}],"about":[{"href":"https:\/\/obscom.intervozes.org.br\/index.php?rest_route=\/wp\/v2\/types\/post"}],"author":[{"embeddable":true,"href":"https:\/\/obscom.intervozes.org.br\/index.php?rest_route=\/wp\/v2\/users\/1"}],"replies":[{"embeddable":true,"href":"https:\/\/obscom.intervozes.org.br\/index.php?rest_route=%2Fwp%2Fv2%2Fcomments&post=27559"}],"version-history":[{"count":0,"href":"https:\/\/obscom.intervozes.org.br\/index.php?rest_route=\/wp\/v2\/posts\/27559\/revisions"}],"wp:attachment":[{"href":"https:\/\/obscom.intervozes.org.br\/index.php?rest_route=%2Fwp%2Fv2%2Fmedia&parent=27559"}],"wp:term":[{"taxonomy":"category","embeddable":true,"href":"https:\/\/obscom.intervozes.org.br\/index.php?rest_route=%2Fwp%2Fv2%2Fcategories&post=27559"},{"taxonomy":"post_tag","embeddable":true,"href":"https:\/\/obscom.intervozes.org.br\/index.php?rest_route=%2Fwp%2Fv2%2Ftags&post=27559"}],"curies":[{"name":"wp","href":"https:\/\/api.w.org\/{rel}","templated":true}]}}