{"id":27553,"date":"2013-09-18T12:03:04","date_gmt":"2013-09-18T12:03:04","guid":{"rendered":"https:\/\/obscom.intervozes.org.br\/wordpress\/?p=27553"},"modified":"2013-09-18T12:03:04","modified_gmt":"2013-09-18T12:03:04","slug":"marco-civil-da-internet-entra-em-regime-de-urgencia-de-votacao","status":"publish","type":"post","link":"https:\/\/obscom.intervozes.org.br\/?p=27553","title":{"rendered":"Marco Civil da Internet entra em regime de urg\u00eancia de vota\u00e7\u00e3o"},"content":{"rendered":"<p>A presidenta Dilma Roussef cobrou na &uacute;ltima quarta (11\/9) a vota&ccedil;&atilde;o do Marco Civil da Internet em regime de urg&ecirc;ncia no Congresso Nacional. A mensagem foi publicada no Di&aacute;rio Oficial da Uni&atilde;o e, na noite anterior (10\/9), reunida com o relator da proposta Alessandro Molon (PT-RJ), a presidenta manifestou interesse de que seja mantido o texto que trata da neutralidade de rede. <\/p>\n<p>A decis&atilde;o do governo federal foi manifestada em uma reuni&atilde;o que segue a linha de discuss&otilde;es de emerg&ecirc;ncia realizadas ap&oacute;s as den&uacute;ncias de espionagem sofridas pelo governo brasileiro pelos Estados Unidos. No centro da pol&ecirc;mica, encontra-se o papel que tem sido desempenhado pelas empresas de telecomunica&ccedil;&otilde;es que dominam o setor e s&atilde;o controladas por capital internacional. Como o Marco Civil da Internet define princ&iacute;pios que devem ser respeitados na rede mundial de computadores, espera-se que a partir dele se teria o suporte necess&aacute;rio para a defesa de direitos como o da liberdade, isonomia e privacidade. <\/p>\n<p>A vota&ccedil;&atilde;o do Marco Civil da Internet desde novembro do ano passado vem sendo bloqueada pelo col&eacute;gio de l&iacute;deres da C&acirc;mara, tendo destaque o papel exercido pelo l&iacute;der do PMDB na Casa, Eduardo Cunha (RJ) esse sentido. Entrando em regime de urg&ecirc;ncia constitucional, contam-se 45 dias e, a partir de ent&atilde;o, os deputados ficam impedidos de votar outros projetos antes daquele. Depois disso, a vota&ccedil;&atilde;o segue para o Senado com a mesma din&acirc;mica estabelecida pelo regime especial.<\/p>\n<p><strong>Pontos pol&ecirc;micos<br \/><\/strong><br \/>O princ&iacute;pio da &ldquo;neutralidade de rede&rdquo; tem sido ponto especialmente pol&ecirc;mico dentro da proposta de Marco Civil da Internet, devido ao interesse das grandes empresas de terem liberdade para definir modelos de neg&oacute;cios que possam limitar a liberdade dos usu&aacute;rios, fazendo cobran&ccedil;as diversificadas para cada servi&ccedil;o (tratados atualmente de forma indiscriminada) e interferindo na transfer&ecirc;ncia de dados de forma n&atilde;o compat&iacute;vel com a garantia de um tratamento igual para todos.<\/p>\n<p>A guarda de registro de conex&atilde;o (&ldquo;logs&rdquo;) pelas empresas do setor tem sido outro foco de diverg&ecirc;ncias. Enquanto alguns consideram que o armazenamento de tais informa&ccedil;&otilde;es seria uma invas&atilde;o da privacidade, ferindo assim os direitos do usu&aacute;rio, outros defendem que esses dados podem ser usados inclusive para a investiga&ccedil;&atilde;o de crimes na internet. Outro uso poss&iacute;vel seria econ&ocirc;mico, fazendo com que as empresas vendessem dados de navega&ccedil;&atilde;o para outras interessadas em mapear o comportamento dos internautas.<\/p>\n<p>Outro ponto que tem dividido o debate se refere &agrave; publica&ccedil;&atilde;o de conte&uacute;dos na internet. A ind&uacute;stria da cultura faz press&atilde;o para que seja inclu&iacute;do no texto um par&aacute;grafo que determine a retirada de material que possa estar ferindo direitos autorais ap&oacute;s a simples notifica&ccedil;&atilde;o. Outros grupos defendem que tal controle deve ser feito apenas por medida judicial. Tamb&eacute;m n&atilde;o h&aacute; acordo sobre a responsabiliza&ccedil;&atilde;o sobre a veicula&ccedil;&atilde;o de conte&uacute;dos, se esta &eacute; exclusiva do usu&aacute;rio ou conjunta com os provedores que o disponibilizam.<\/p>\n","protected":false},"excerpt":{"rendered":"<p>Texto deve ser votado em 45 dias ou passa a trancar a pauta do Congresso Nacional. Presidenta Dilma se diz favor&aacute;vel &agrave; neutralidade de rede.<\/p>\n","protected":false},"author":1,"featured_media":0,"comment_status":"open","ping_status":"open","sticky":false,"template":"","format":"standard","meta":{"footnotes":""},"categories":[40],"tags":[366],"_links":{"self":[{"href":"https:\/\/obscom.intervozes.org.br\/index.php?rest_route=\/wp\/v2\/posts\/27553"}],"collection":[{"href":"https:\/\/obscom.intervozes.org.br\/index.php?rest_route=\/wp\/v2\/posts"}],"about":[{"href":"https:\/\/obscom.intervozes.org.br\/index.php?rest_route=\/wp\/v2\/types\/post"}],"author":[{"embeddable":true,"href":"https:\/\/obscom.intervozes.org.br\/index.php?rest_route=\/wp\/v2\/users\/1"}],"replies":[{"embeddable":true,"href":"https:\/\/obscom.intervozes.org.br\/index.php?rest_route=%2Fwp%2Fv2%2Fcomments&post=27553"}],"version-history":[{"count":0,"href":"https:\/\/obscom.intervozes.org.br\/index.php?rest_route=\/wp\/v2\/posts\/27553\/revisions"}],"wp:attachment":[{"href":"https:\/\/obscom.intervozes.org.br\/index.php?rest_route=%2Fwp%2Fv2%2Fmedia&parent=27553"}],"wp:term":[{"taxonomy":"category","embeddable":true,"href":"https:\/\/obscom.intervozes.org.br\/index.php?rest_route=%2Fwp%2Fv2%2Fcategories&post=27553"},{"taxonomy":"post_tag","embeddable":true,"href":"https:\/\/obscom.intervozes.org.br\/index.php?rest_route=%2Fwp%2Fv2%2Ftags&post=27553"}],"curies":[{"name":"wp","href":"https:\/\/api.w.org\/{rel}","templated":true}]}}