{"id":27550,"date":"2013-09-13T11:52:32","date_gmt":"2013-09-13T11:52:32","guid":{"rendered":"https:\/\/obscom.intervozes.org.br\/wordpress\/?p=27550"},"modified":"2013-09-13T11:52:32","modified_gmt":"2013-09-13T11:52:32","slug":"ocupantes-da-camara-do-rio-discutem-direito-a-comunicacao","status":"publish","type":"post","link":"https:\/\/obscom.intervozes.org.br\/?p=27550","title":{"rendered":"Ocupantes da C\u00e2mara do Rio discutem direito \u00e0 comunica\u00e7\u00e3o"},"content":{"rendered":"<p>Ocupantes das escadarias da C&acirc;mara dos Vereadores do Rio de Janeiro e seu apoiadores concentraram-se na &uacute;ltima quinta-feira (12) para assistir e debater uma aula sobre direito &agrave; comunica&ccedil;&atilde;o. O evento &ldquo;A verdade &eacute; dura: nossa m&iacute;dia &eacute; filha da ditadura&rdquo; foi promovido pelos coletivos Intervozes e Projeta&ccedil;&atilde;o em solidariedade aos manifestantes que acampam na Cinel&acirc;ndia h&aacute; mais de um m&ecirc;s, em protesto contra as tentativas de atrapalhar a investiga&ccedil;&atilde;o sobre a m&aacute;fia do transporte p&uacute;blico, e que contribu&iacute;ram para a realiza&ccedil;&atilde;o da atividade.<\/p>\n<p>As atividades foram iniciadas com a apresenta&ccedil;&atilde;o dos v&iacute;deos &ldquo;Levante sua Voz&rdquo;, &ldquo;Globogolpe remix&rdquo; e &ldquo;Freenet &ndash; Neutralidade de rede&rdquo; e sucedidas por uma apresenta&ccedil;&atilde;o feita por Gustavo Gindre, militante na luta pela democratiza&ccedil;&atilde;o da comunica&ccedil;&atilde;o e integrante do Intervozes.<\/p>\n<p>Os presentes debateram a apropria&ccedil;&atilde;o privada das concess&otilde;es p&uacute;blicas, a import&acirc;ncia da comunica&ccedil;&atilde;o p&uacute;blica, as possibilidades de uso da multiprograma&ccedil;&atilde;o permitida pelo processo de digitaliza&ccedil;&atilde;o das TV, a concentra&ccedil;&atilde;o dos meios de comunica&ccedil;&atilde;o, a prote&ccedil;&atilde;o da inf&acirc;ncia contra a possibilidade e outros temas relacionados. Gindre considera que o fato de as concess&otilde;es outorgadas &agrave;s emissoras de TV e r&aacute;dio serem bens p&uacute;blicos se dilui no imagin&aacute;rio da sociedade, que se relaciona com elas como se fossem bens privados. &ldquo;O pr&eacute;dio &eacute; da Globo, a antena &eacute; da Globo, mas o canal &eacute; nosso&rdquo;, afirmou.<\/p>\n<p>A realiza&ccedil;&atilde;o do evento junto com os ocupantes da C&acirc;mara reafirma o crescimento da aten&ccedil;&atilde;o que os movimentos sociais e a esquerda t&ecirc;m dirigido &agrave; m&iacute;dia. M&ocirc;nica Mour&atilde;o, do Intervozes, considera que &ldquo;a ocupa&ccedil;&atilde;o da c&acirc;mara &eacute; um espa&ccedil;o simb&oacute;lico de resist&ecirc;ncia das manifesta&ccedil;&otilde;es que v&ecirc;m ocorrendo desde junho&rdquo;. Segundo ela, &ldquo;estamos convencidos de que o direito &agrave; comunica&ccedil;&atilde;o &eacute; uma pauta fundamental para todo o movimento social, porque a partir desse direito se pode conquistar outros&rdquo;.<\/p>\n<p>Durante a aula p&uacute;blica, foi apresentada a proposta de Projeto de Lei por uma M&iacute;dia Democr&aacute;tica e foram coletadas assinaturas de apoio &agrave; iniciativa. Uma da c&oacute;pia da lista permaneceu com os ocupantes &agrave; espera de mais declara&ccedil;&otilde;es de apoio.<\/p>\n<p>O Ocupa C&acirc;mara Rio h&aacute; mais de um m&ecirc;s faz press&atilde;o para que se desfa&ccedil;a a CPI dos &Ocirc;nibus, esterilizada pela ocupa&ccedil;&atilde;o de suas vagas por defensores das empresas de &ocirc;nibus, e se realize uma investiga&ccedil;&atilde;o leg&iacute;tima e verdadeira do setor. De acordo com a p&aacute;gina dos manifestantes nas redes sociais, &ldquo;queremos que as licita&ccedil;&otilde;es de &ocirc;nibus sejam investigadas a fundo e quem n&atilde;o se posiciona a favor da realiza&ccedil;&atilde;o das investiga&ccedil;&otilde;es, n&atilde;o s&atilde;o as pessoas mais indicadas para cumprir este papel&rdquo;.<\/p>\n","protected":false},"excerpt":{"rendered":"<p>Durante a aula p&uacute;blica se debateu as condi&ccedil;&otilde;es para a democracia e o papel da comunica&ccedil;&atilde;o na sociedade contempor&acirc;nea<\/p>\n","protected":false},"author":1,"featured_media":0,"comment_status":"open","ping_status":"open","sticky":false,"template":"","format":"standard","meta":{"footnotes":""},"categories":[40],"tags":[1779],"_links":{"self":[{"href":"https:\/\/obscom.intervozes.org.br\/index.php?rest_route=\/wp\/v2\/posts\/27550"}],"collection":[{"href":"https:\/\/obscom.intervozes.org.br\/index.php?rest_route=\/wp\/v2\/posts"}],"about":[{"href":"https:\/\/obscom.intervozes.org.br\/index.php?rest_route=\/wp\/v2\/types\/post"}],"author":[{"embeddable":true,"href":"https:\/\/obscom.intervozes.org.br\/index.php?rest_route=\/wp\/v2\/users\/1"}],"replies":[{"embeddable":true,"href":"https:\/\/obscom.intervozes.org.br\/index.php?rest_route=%2Fwp%2Fv2%2Fcomments&post=27550"}],"version-history":[{"count":0,"href":"https:\/\/obscom.intervozes.org.br\/index.php?rest_route=\/wp\/v2\/posts\/27550\/revisions"}],"wp:attachment":[{"href":"https:\/\/obscom.intervozes.org.br\/index.php?rest_route=%2Fwp%2Fv2%2Fmedia&parent=27550"}],"wp:term":[{"taxonomy":"category","embeddable":true,"href":"https:\/\/obscom.intervozes.org.br\/index.php?rest_route=%2Fwp%2Fv2%2Fcategories&post=27550"},{"taxonomy":"post_tag","embeddable":true,"href":"https:\/\/obscom.intervozes.org.br\/index.php?rest_route=%2Fwp%2Fv2%2Ftags&post=27550"}],"curies":[{"name":"wp","href":"https:\/\/api.w.org\/{rel}","templated":true}]}}