{"id":27548,"date":"2013-09-12T16:13:09","date_gmt":"2013-09-12T16:13:09","guid":{"rendered":"https:\/\/obscom.intervozes.org.br\/wordpress\/?p=27548"},"modified":"2013-09-12T16:13:09","modified_gmt":"2013-09-12T16:13:09","slug":"aula-publica-na-cinelandia-debate-direito-a-comunicacao","status":"publish","type":"post","link":"https:\/\/obscom.intervozes.org.br\/?p=27548","title":{"rendered":"Aula p\u00fablica na Cinel\u00e2ndia debate direito \u00e1 comunica\u00e7\u00e3o"},"content":{"rendered":"<p><strong>Reda&ccedil;&atilde;o &#8211; Intervozes<\/strong><\/p>\n<p>O povo nas ruas grita desde junho contra a m&iacute;dia brasileira. A verdade &eacute; dura. Nessa quinta-feira, dia 12, vamos discutir como a configura&ccedil;&atilde;o atual do r&aacute;dio e da tev&ecirc; no Brasil foi definida dentro do projeto de desenvolvimento autorit&aacute;rio da ditadura militar. Tamb&eacute;m ser&aacute; debatida a suposta democracia por meio da internet, muitas vezes vista como um o&aacute;sis de liberdade e diversidade em meio ao deserto do discurso &uacute;nico. <\/p>\n<p>A atividade acontece a partir das 19h, na ocupa&ccedil;&atilde;o da C&acirc;mara dos Vereadores do Rio de Janeiro, na Cinel&acirc;ndia. Haver&aacute; a exibi&ccedil;&atilde;o dos v&iacute;deos &ldquo;Levante sua voz!&rdquo;, produzido em 2009 pelo Intervozes &ndash; Coletivo Brasil de Comunica&ccedil;&atilde;o Social, e &ldquo;Freenet?&rdquo;, realizado em 2012 por um conjunto de entidades (Centro de Tecnologia e Sociedade &ndash; CTS\/FGV, Insituto Brasileiro de Defesa ao Consumidor &ndash; Idec, Instituto Nupef e Coletivo Intervozes. <\/p>\n<p>O aul&atilde;o p&uacute;blico sobre comunica&ccedil;&atilde;o vai ser conduzido por Gustavo Gindre, jornalista e mestre em Comunica&ccedil;&atilde;o e Cultura. Gindre foi membro eleito do Comit&ecirc; Gestor da Internet (CGI.br). &Eacute; fellow da Ashoka Society e servidor p&uacute;blico concursado, especialista em regula&ccedil;&atilde;o da atividade cinematogr&aacute;fica e audiovisual. Gindre tamb&eacute;m &eacute; integrante do Coletivo Intervozes, um dos organizadores da atividade, junto com o Coletivo Projeta&ccedil;&atilde;o e com a Ocupa&ccedil;&atilde;o da C&acirc;mara.<\/p>\n<p><a href=\"https:\/\/www.facebook.com\/events\/652578641432878\/\">Confirme a participa&ccedil;&atilde;o clicando aqui<\/a>. <\/p>\n","protected":false},"excerpt":{"rendered":"<p>Reda&ccedil;&atilde;o &#8211; Intervozes O povo nas ruas grita desde junho contra a m&iacute;dia brasileira. A verdade &eacute; dura. Nessa quinta-feira, dia 12, vamos discutir como a configura&ccedil;&atilde;o atual do r&aacute;dio e da tev&ecirc; no Brasil foi definida dentro do projeto de desenvolvimento autorit&aacute;rio da ditadura militar. Tamb&eacute;m ser&aacute; debatida a suposta democracia por meio da &hellip; <a href=\"https:\/\/obscom.intervozes.org.br\/?p=27548\" class=\"more-link\">Continue lendo <span class=\"screen-reader-text\">Aula p\u00fablica na Cinel\u00e2ndia debate direito \u00e1 comunica\u00e7\u00e3o<\/span> <span class=\"meta-nav\">&rarr;<\/span><\/a><\/p>\n","protected":false},"author":1,"featured_media":0,"comment_status":"open","ping_status":"open","sticky":false,"template":"","format":"standard","meta":{"footnotes":""},"categories":[39],"tags":[],"_links":{"self":[{"href":"https:\/\/obscom.intervozes.org.br\/index.php?rest_route=\/wp\/v2\/posts\/27548"}],"collection":[{"href":"https:\/\/obscom.intervozes.org.br\/index.php?rest_route=\/wp\/v2\/posts"}],"about":[{"href":"https:\/\/obscom.intervozes.org.br\/index.php?rest_route=\/wp\/v2\/types\/post"}],"author":[{"embeddable":true,"href":"https:\/\/obscom.intervozes.org.br\/index.php?rest_route=\/wp\/v2\/users\/1"}],"replies":[{"embeddable":true,"href":"https:\/\/obscom.intervozes.org.br\/index.php?rest_route=%2Fwp%2Fv2%2Fcomments&post=27548"}],"version-history":[{"count":0,"href":"https:\/\/obscom.intervozes.org.br\/index.php?rest_route=\/wp\/v2\/posts\/27548\/revisions"}],"wp:attachment":[{"href":"https:\/\/obscom.intervozes.org.br\/index.php?rest_route=%2Fwp%2Fv2%2Fmedia&parent=27548"}],"wp:term":[{"taxonomy":"category","embeddable":true,"href":"https:\/\/obscom.intervozes.org.br\/index.php?rest_route=%2Fwp%2Fv2%2Fcategories&post=27548"},{"taxonomy":"post_tag","embeddable":true,"href":"https:\/\/obscom.intervozes.org.br\/index.php?rest_route=%2Fwp%2Fv2%2Ftags&post=27548"}],"curies":[{"name":"wp","href":"https:\/\/api.w.org\/{rel}","templated":true}]}}