{"id":27545,"date":"2013-09-11T08:25:41","date_gmt":"2013-09-11T08:25:41","guid":{"rendered":"https:\/\/obscom.intervozes.org.br\/wordpress\/?p=27545"},"modified":"2013-09-11T08:25:41","modified_gmt":"2013-09-11T08:25:41","slug":"estatuto-da-juventude-avanca-no-reconhecimento-legal-do-direito-a-comunicacao-no-brasil","status":"publish","type":"post","link":"https:\/\/obscom.intervozes.org.br\/?p=27545","title":{"rendered":"Estatuto da Juventude avan\u00e7a no reconhecimento legal do direito \u00e0 comunica\u00e7\u00e3o no Brasil"},"content":{"rendered":"<p>O Estatuto da Juventude (lei 12.852\/2013), sancionado pela Presid&ecirc;ncia da Rep&uacute;blica no &uacute;ltimo dia 5 de agosto, &eacute; a primeira lei brasileira a reconhecer, expressamente, o direito &agrave; comunica&ccedil;&atilde;o. Apesar de termos em diversas normativas nacionais, internacionais e na pr&oacute;pria Constitui&ccedil;&atilde;o Federal elementos que integram tal direito &ndash; como a liberdade de express&atilde;o, o acesso &agrave; informa&ccedil;&atilde;o, a proibi&ccedil;&atilde;o da censura e dos monop&oacute;lios e oligop&oacute;lios de m&iacute;dia &ndash; essa &eacute; a primeira vez que a express&atilde;o &ldquo;direito &agrave; comunica&ccedil;&atilde;o&rdquo; aparece em um de nossos marcos legais.<\/p>\n<p>Fruto de um longo processo de mobiliza&ccedil;&atilde;o e de uma tramita&ccedil;&atilde;o de quase 10 anos no Congresso Nacional, o Estatuto assegura diversos direitos das e dos jovens de 15 a 29 anos, al&eacute;m de definir princ&iacute;pios e diretrizes para as pol&iacute;ticas p&uacute;blicas de juventude. Uma das se&ccedil;&otilde;es trata especificamente do direito &agrave; comunica&ccedil;&atilde;o e &agrave; liberdade de express&atilde;o, definindo, no artigo 26, que &ldquo;o jovem tem direito &agrave; comunica&ccedil;&atilde;o e &agrave; livre express&atilde;o, &agrave; produ&ccedil;&atilde;o de conte&uacute;do, individual e colaborativo e ao acesso &agrave;s tecnologias de informa&ccedil;&atilde;o e comunica&ccedil;&atilde;o&rdquo;.<\/p>\n<p>J&aacute; o artigo 27 estabelece um conjunto de medidas que devem ser adotadas pelo poder p&uacute;blico para a efetiva&ccedil;&atilde;o desse direito, que incluem &ldquo;incentivar programas educativos e culturais voltados para os jovens nas emissoras de r&aacute;dio e televis&atilde;o e nos demais meios de comunica&ccedil;&atilde;o de massa&rdquo;; &ldquo;promover a inclus&atilde;o digital dos jovens, por meio do acesso &agrave;s novas tecnologias de informa&ccedil;&atilde;o e comunica&ccedil;&atilde;o&rdquo;; &ldquo;promover as redes e plataformas de comunica&ccedil;&atilde;o dos jovens&rdquo;, &ldquo;incentivar a cria&ccedil;&atilde;o e manuten&ccedil;&atilde;o de equipamentos p&uacute;blicos voltados para a promo&ccedil;&atilde;o do direito do jovem &agrave; comunica&ccedil;&atilde;o&rdquo;; e &ldquo;garantir a acessibilidade &agrave; comunica&ccedil;&atilde;o para os jovens com defici&ecirc;ncia&rdquo;.<\/p>\n<p>O texto, que agrega debates feitos na 2&ordf; Confer&ecirc;ncia Nacional de Juventude, poderia avan&ccedil;ar mais no detalhamento das pol&iacute;ticas necess&aacute;rias &agrave; concretiza&ccedil;&atilde;o do direito &agrave; comunica&ccedil;&atilde;o, mas da forma como est&aacute; j&aacute; &eacute; uma conquista hist&oacute;rica. O desafio agora &eacute; transformar as determina&ccedil;&otilde;es da lei em realidade para os mais de 50 milh&otilde;es de brasileiros e brasileiras que fazem parte da faixa et&aacute;ria contemplada pelo Estatuto &ndash; o que exige ainda mais mobiliza&ccedil;&atilde;o e press&atilde;o para que o Estado, nos diferentes n&iacute;veis, crie e implemente pol&iacute;ticas p&uacute;blicas de comunica&ccedil;&atilde;o e juventude.<\/p>\n<p>Nos pr&oacute;ximos dias 26 e 27 de setembro, em Bras&iacute;lia, o Conselho Nacional de Juventude (Conjuve), inst&acirc;ncia de formula&ccedil;&atilde;o e proposi&ccedil;&atilde;o de pol&iacute;ticas p&uacute;blicas, far&aacute; um semin&aacute;rio para debater os caminhos para efetiva&ccedil;&atilde;o das quest&otilde;es colocadas pelos artigos do Estatuto referentes ao direito &agrave; comunica&ccedil;&atilde;o e &agrave; liberdade de express&atilde;o. Durante o evento tamb&eacute;m ser&aacute; realizado um ato pol&iacute;tico pela democratiza&ccedil;&atilde;o da comunica&ccedil;&atilde;o, com a assinatura de um termo de compromisso de apoio do Conjuve ao Projeto de Lei de Iniciativa Popular da M&iacute;dia Democr&aacute;tica.<\/p>\n<p>Em 2012, o Conjuve soltou uma nota de apoio &agrave; Campanha Para Expressar a Liberdade, apontando que um dos reflexos do atual cen&aacute;rio midi&aacute;tico &eacute; que &quot;assim como outros segmentos da popula&ccedil;&atilde;o, a juventude n&atilde;o raras vezes &eacute; silenciada ou retratada de maneira discriminat&oacute;ria e estigmatizante pelos meios de comunica&ccedil;&atilde;o, especialmente no caso de jovens negros, pobres e moradores de periferias, que em geral s&oacute; ganham visibilidade quando o assunto est&aacute; relacionado &agrave; viol&ecirc;ncia, construindo-se assim uma representa&ccedil;&atilde;o social enviesada e que nega direitos&rdquo;.<\/p>\n<p>A efetiva&ccedil;&atilde;o das previs&otilde;es do Estatuto da Juventude pode ajudar a mudar este cen&aacute;rio. E nunca &eacute; demais lembrar o que determina nossa Constitui&ccedil;&atilde;o, no artigo 227: o Estado brasileiro deve dar PRIORIDADE ABSOLUTA aos direitos dos jovens &ndash; o que inclui, agora, nos termos do Estatuto, o direito &agrave; comunica&ccedil;&atilde;o!<\/p>\n<p><em>* Douglas Moreira &eacute; integrante do Intervozes e conselheiro do Conselho Nacional de Juventude (Conjuve)<\/em><\/p>\n","protected":false},"excerpt":{"rendered":"<div>Para debater a efetiva&ccedil;&atilde;o dos artigos referentes &agrave; comunica&ccedil;&atilde;o do Estatuto da Juventude, o Conjuve far&aacute; semin&aacute;rio nos pr&oacute;ximos dias 26 e 27 de setembro em Bras&iacute;lia.<\/div>\n","protected":false},"author":1,"featured_media":0,"comment_status":"open","ping_status":"open","sticky":false,"template":"","format":"standard","meta":{"footnotes":""},"categories":[42],"tags":[1772],"_links":{"self":[{"href":"https:\/\/obscom.intervozes.org.br\/index.php?rest_route=\/wp\/v2\/posts\/27545"}],"collection":[{"href":"https:\/\/obscom.intervozes.org.br\/index.php?rest_route=\/wp\/v2\/posts"}],"about":[{"href":"https:\/\/obscom.intervozes.org.br\/index.php?rest_route=\/wp\/v2\/types\/post"}],"author":[{"embeddable":true,"href":"https:\/\/obscom.intervozes.org.br\/index.php?rest_route=\/wp\/v2\/users\/1"}],"replies":[{"embeddable":true,"href":"https:\/\/obscom.intervozes.org.br\/index.php?rest_route=%2Fwp%2Fv2%2Fcomments&post=27545"}],"version-history":[{"count":0,"href":"https:\/\/obscom.intervozes.org.br\/index.php?rest_route=\/wp\/v2\/posts\/27545\/revisions"}],"wp:attachment":[{"href":"https:\/\/obscom.intervozes.org.br\/index.php?rest_route=%2Fwp%2Fv2%2Fmedia&parent=27545"}],"wp:term":[{"taxonomy":"category","embeddable":true,"href":"https:\/\/obscom.intervozes.org.br\/index.php?rest_route=%2Fwp%2Fv2%2Fcategories&post=27545"},{"taxonomy":"post_tag","embeddable":true,"href":"https:\/\/obscom.intervozes.org.br\/index.php?rest_route=%2Fwp%2Fv2%2Ftags&post=27545"}],"curies":[{"name":"wp","href":"https:\/\/api.w.org\/{rel}","templated":true}]}}