{"id":27538,"date":"2013-08-30T19:48:22","date_gmt":"2013-08-30T19:48:22","guid":{"rendered":"https:\/\/obscom.intervozes.org.br\/wordpress\/?p=27538"},"modified":"2013-08-30T19:48:22","modified_gmt":"2013-08-30T19:48:22","slug":"lei-da-midia-democratica-um-passo-rumo-a-pluralidade","status":"publish","type":"post","link":"https:\/\/obscom.intervozes.org.br\/?p=27538","title":{"rendered":"Lei da M\u00eddia Democr\u00e1tica: um passo rumo \u00e0 pluralidade"},"content":{"rendered":"<p>O Projeto de Lei de Iniciativa Popular da M&iacute;dia Democr&aacute;tica foi lan&ccedil;ado nacionalmente, nesta quinta-feira, na C&acirc;mara dos Deputados, durante ato que contou com a participa&ccedil;&atilde;o de cerca de cinquenta organiza&ccedil;&otilde;es da sociedade civil organizada, dentre as quais movimentos sociais e sindicatos; mais de uma dezena de parlamentares; artistas; intelectuais e ativistas. A reuni&atilde;o de tantos segmentos em torno da proposta mostra a urg&ecirc;ncia de p&ocirc;r fim &agrave; concentra&ccedil;&atilde;o midi&aacute;tica no Brasil, situa&ccedil;&atilde;o que historicamente marca o sistema de comunica&ccedil;&otilde;es deste pa&iacute;s e que tem resultado em viola&ccedil;&atilde;o de direitos e cerceamento de liberdades.<\/p>\n<p>Quando o cantor, compositor e instrumentista Sergival recitou o Cordel da Regulamenta&ccedil;&atilde;o da Comunica&ccedil;&atilde;o, logo na abertura do ato, ficou claro o que se pretende com a nova lei: multiplicar os sotaques que circulam pelas ondas do r&aacute;dio e da TV; expressar toda a diversidade cultural que enriquece o pa&iacute;s, mas que &eacute; tantas vezes silenciada pela m&iacute;dia. A expectativa &eacute; que a nova legisla&ccedil;&atilde;o seja capaz de promover a liberdade de express&atilde;o e o direito humano &agrave; comunica&ccedil;&atilde;o, respeitando e garantindo a diversidade e a pluralidade na m&iacute;dia, princ&iacute;pios j&aacute; previstos na Constitui&ccedil;&atilde;o Federal de 1988, mas ainda n&atilde;o assegurados, devido &agrave; aus&ecirc;ncia de regulamenta&ccedil;&atilde;o dos artigos que tratam do tema.<\/p>\n<p>Importante destacar que a elabora&ccedil;&atilde;o deste projeto de lei resulta de um ac&uacute;mulo de debates realizados por, pelo menos 20 anos. &Eacute; mais um passo de uma hist&oacute;ria que teve in&uacute;meros cap&iacute;tulos, dentre eles o largo processo participativo no campo das comunica&ccedil;&otilde;es que envolveu diferentes grupos de interesse (empresariado, sociedade civil, poder p&uacute;blico): a 1&ordf; Confer&ecirc;ncia Nacional de Comunica&ccedil;&atilde;o (Confecom), realizada em 2009. Bastante lembrada no ato de hoje, a 1&ordf; Confecom n&atilde;o s&oacute; fortaleceu e ampliou o debate sobre liberdade de express&atilde;o, direito humano &agrave; comunica&ccedil;&atilde;o e regula&ccedil;&atilde;o do setor, como produziu mais de 600 propostas de leis e pol&iacute;ticas p&uacute;blicas que objetivavam tornar o sistema mais diverso e, com isso, contribuir para o aprofundamento e a consolida&ccedil;&atilde;o da democracia brasileira.<\/p>\n<p>Al&eacute;m disso, as propostas aprovadas na Confer&ecirc;ncia e contidas no Projeto de Lei tamb&eacute;m buscam tornar o marco pol&iacute;tico e normativo das comunica&ccedil;&otilde;es atualizado em rela&ccedil;&atilde;o &agrave;s mudan&ccedil;as tecnol&oacute;gicas e pol&iacute;ticas pelas quais o Brasil passou ao longo das &uacute;ltimas d&eacute;cadas. Como lembrou a coordenadora do F&oacute;rum Nacional pela Democratiza&ccedil;&atilde;o da Comunica&ccedil;&atilde;o (FNDC), Rosane Bertotti, &ldquo;A legisla&ccedil;&atilde;o (de comunica&ccedil;&atilde;o) tem mais de 50 anos. Vivemos em um outro momento de democracia que precisa respeitar o direito dos negros, das mulheres dos &iacute;ndios, do povo do campo, das favelas. &Eacute; preciso repensar essa estrutura de comunica&ccedil;&atilde;o&rdquo;.<\/p>\n<p>N&atilde;o h&aacute; mais o que esperar. Colocar este projeto na rua para que, atingidas as assinaturas necess&aacute;rias, passe a tramitar como um Projeto de Lei devidamente registrado no Congresso Nacional e, quem sabe, venha a ser aprovada a proposta &eacute; ver atendida a reivindica&ccedil;&atilde;o por uma nova regula&ccedil;&atilde;o para as comunica&ccedil;&otilde;es brasileiras que vem da Assembleia Nacional Constituinte, da 1&ordf; Confecom, das diversas plen&aacute;rias da sociedade civil organizada, dos movimentos negros, de mulheres e em defesa dos direitos humanos. E mais do que isso: &eacute; promover uma mudan&ccedil;a radicalmente positiva em um sistema t&atilde;o marcado pela concentra&ccedil;&atilde;o e pelo autoritarismo. Um setor em que, a despeito dos mais de 20 anos da chamada Constitui&ccedil;&atilde;o Cidad&atilde;, a democracia ainda n&atilde;o chegou.<br \/><em><br \/>* Cec&iacute;lia Bizerra Sousa &eacute; jornalista, integrante do Intervozes, mestranda do Programa de P&oacute;s Gradua&ccedil;&atilde;o em Comunica&ccedil;&atilde;o na Universidade de Bras&iacute;lia e Analista T&eacute;cnica de Pol&iacute;ticas Sociais da Seppir<\/em><\/p>\n","protected":false},"excerpt":{"rendered":"<p>Lan&ccedil;amento do projeto fortalece a campanha que busca coletar mais de 1 milh&atilde;o de assinaturas e democratizar as comunica&ccedil;&otilde;es<\/p>\n","protected":false},"author":1,"featured_media":0,"comment_status":"open","ping_status":"open","sticky":false,"template":"","format":"standard","meta":{"footnotes":""},"categories":[42],"tags":[1772],"_links":{"self":[{"href":"https:\/\/obscom.intervozes.org.br\/index.php?rest_route=\/wp\/v2\/posts\/27538"}],"collection":[{"href":"https:\/\/obscom.intervozes.org.br\/index.php?rest_route=\/wp\/v2\/posts"}],"about":[{"href":"https:\/\/obscom.intervozes.org.br\/index.php?rest_route=\/wp\/v2\/types\/post"}],"author":[{"embeddable":true,"href":"https:\/\/obscom.intervozes.org.br\/index.php?rest_route=\/wp\/v2\/users\/1"}],"replies":[{"embeddable":true,"href":"https:\/\/obscom.intervozes.org.br\/index.php?rest_route=%2Fwp%2Fv2%2Fcomments&post=27538"}],"version-history":[{"count":0,"href":"https:\/\/obscom.intervozes.org.br\/index.php?rest_route=\/wp\/v2\/posts\/27538\/revisions"}],"wp:attachment":[{"href":"https:\/\/obscom.intervozes.org.br\/index.php?rest_route=%2Fwp%2Fv2%2Fmedia&parent=27538"}],"wp:term":[{"taxonomy":"category","embeddable":true,"href":"https:\/\/obscom.intervozes.org.br\/index.php?rest_route=%2Fwp%2Fv2%2Fcategories&post=27538"},{"taxonomy":"post_tag","embeddable":true,"href":"https:\/\/obscom.intervozes.org.br\/index.php?rest_route=%2Fwp%2Fv2%2Ftags&post=27538"}],"curies":[{"name":"wp","href":"https:\/\/api.w.org\/{rel}","templated":true}]}}