{"id":27534,"date":"2013-08-26T09:50:44","date_gmt":"2013-08-26T09:50:44","guid":{"rendered":"https:\/\/obscom.intervozes.org.br\/wordpress\/?p=27534"},"modified":"2013-08-26T09:50:44","modified_gmt":"2013-08-26T09:50:44","slug":"seminario-nacional-discute-radios-comunitarias-para-todos-os-povos","status":"publish","type":"post","link":"https:\/\/obscom.intervozes.org.br\/?p=27534","title":{"rendered":"Semin\u00e1rio nacional discute r\u00e1dios comunit\u00e1rias para todos os povos"},"content":{"rendered":"<p><strong>Reda&ccedil;&atilde;o &#8211; Amarc Brasil<\/strong><\/p>\n<p>A Associa&ccedil;&atilde;o Mundial de R&aacute;dios Comunit&aacute;rias (AMARC Brasil), em parceria com a Universidade Federal do Par&aacute; (UFPA), realiza, no pr&oacute;ximo dia 29 de agosto, o semin&aacute;rio &ldquo;R&aacute;dios Comunit&aacute;rias Para Todos os Povos&rdquo;. O evento &eacute; aberto ao p&uacute;blico e acontece no Audit&oacute;rio Setorial B&aacute;sico 2, da UFPA, no bairro do Guam&aacute;, em Bel&eacute;m, das 9h &agrave;s 18h.<\/p>\n<p>No semin&aacute;rio, poder p&uacute;blico e sociedade civil ir&atilde;o discutir as atuais pol&iacute;ticas p&uacute;blicas em comunica&ccedil;&atilde;o para comunidades tradicionais, ind&iacute;genas e rurais, com foco na radiodifus&atilde;o comunit&aacute;ria. Num diagn&oacute;stico pr&eacute;vio realizado pela AMARC Brasil foram identificadas diversas inadequa&ccedil;&otilde;es e aus&ecirc;ncias legais no que se refere &agrave; garantia do direito humano &agrave; comunica&ccedil;&atilde;o dessas comunidades. A Lei da Radiodifus&atilde;o Comunit&aacute;ria (9.612\/98) &eacute; o mais claro exemplo dessas inadequa&ccedil;&otilde;es. Criada h&aacute; 15 anos, a partir de um conceito de comunidade apenas territorial e urbana, a legisla&ccedil;&atilde;o n&atilde;o d&aacute; conta das particularidades de comunidades &eacute;tnicas, de interesses ou em &aacute;reas rurais isoladas, mantendo a mesma burocracia no processo de outorga e a restri&ccedil;&atilde;o de pot&ecirc;ncia (25 Watts).<\/p>\n","protected":false},"excerpt":{"rendered":"<p>Reda&ccedil;&atilde;o &#8211; Amarc Brasil A Associa&ccedil;&atilde;o Mundial de R&aacute;dios Comunit&aacute;rias (AMARC Brasil), em parceria com a Universidade Federal do Par&aacute; (UFPA), realiza, no pr&oacute;ximo dia 29 de agosto, o semin&aacute;rio &ldquo;R&aacute;dios Comunit&aacute;rias Para Todos os Povos&rdquo;. O evento &eacute; aberto ao p&uacute;blico e acontece no Audit&oacute;rio Setorial B&aacute;sico 2, da UFPA, no bairro do Guam&aacute;, &hellip; <a href=\"https:\/\/obscom.intervozes.org.br\/?p=27534\" class=\"more-link\">Continue lendo <span class=\"screen-reader-text\">Semin\u00e1rio nacional discute r\u00e1dios comunit\u00e1rias para todos os povos<\/span> <span class=\"meta-nav\">&rarr;<\/span><\/a><\/p>\n","protected":false},"author":1,"featured_media":0,"comment_status":"open","ping_status":"open","sticky":false,"template":"","format":"standard","meta":{"footnotes":""},"categories":[39],"tags":[],"_links":{"self":[{"href":"https:\/\/obscom.intervozes.org.br\/index.php?rest_route=\/wp\/v2\/posts\/27534"}],"collection":[{"href":"https:\/\/obscom.intervozes.org.br\/index.php?rest_route=\/wp\/v2\/posts"}],"about":[{"href":"https:\/\/obscom.intervozes.org.br\/index.php?rest_route=\/wp\/v2\/types\/post"}],"author":[{"embeddable":true,"href":"https:\/\/obscom.intervozes.org.br\/index.php?rest_route=\/wp\/v2\/users\/1"}],"replies":[{"embeddable":true,"href":"https:\/\/obscom.intervozes.org.br\/index.php?rest_route=%2Fwp%2Fv2%2Fcomments&post=27534"}],"version-history":[{"count":0,"href":"https:\/\/obscom.intervozes.org.br\/index.php?rest_route=\/wp\/v2\/posts\/27534\/revisions"}],"wp:attachment":[{"href":"https:\/\/obscom.intervozes.org.br\/index.php?rest_route=%2Fwp%2Fv2%2Fmedia&parent=27534"}],"wp:term":[{"taxonomy":"category","embeddable":true,"href":"https:\/\/obscom.intervozes.org.br\/index.php?rest_route=%2Fwp%2Fv2%2Fcategories&post=27534"},{"taxonomy":"post_tag","embeddable":true,"href":"https:\/\/obscom.intervozes.org.br\/index.php?rest_route=%2Fwp%2Fv2%2Ftags&post=27534"}],"curies":[{"name":"wp","href":"https:\/\/api.w.org\/{rel}","templated":true}]}}