{"id":27533,"date":"2013-08-23T18:20:27","date_gmt":"2013-08-23T18:20:27","guid":{"rendered":"https:\/\/obscom.intervozes.org.br\/wordpress\/?p=27533"},"modified":"2014-09-07T03:03:17","modified_gmt":"2014-09-07T03:03:17","slug":"fndc-promove-lancamento-nacional-do-projeto-de-lei-da-midia-democratica","status":"publish","type":"post","link":"https:\/\/obscom.intervozes.org.br\/?p=27533","title":{"rendered":"FNDC promove lan\u00e7amento nacional do Projeto de Lei da M\u00eddia Democr\u00e1tica"},"content":{"rendered":"<p>Nas ruas desde o dia 1&ordm; de maio, o Projeto de Lei da M&iacute;dia Democr&aacute;tica fez sua primeira passagem pelo Congresso Nacional no &uacute;ltimo dia 22 de agosto (quinta). Ainda que n&atilde;o esteja &ldquo;tramitando&rdquo; nas casas legislativas, a discuss&atilde;o mostrou-se do interesse de diversas entidades da sociedade civil e parlamentares, que se reuniram para o lan&ccedil;amento nacional do projeto.<\/p>\n<p>O evento teve in&iacute;cio com a apresenta&ccedil;&atilde;o do cordel sobre a <a href=\"http:\/\/www.youtube.com\/watch?v=NWs1B8goHL8\">&ldquo;Peleja de Marco regulat&oacute;rio e Concei&ccedil;&atilde;o p&uacute;blica na terra sem lei dos coron&eacute;is eletr&ocirc;nicos&rdquo;<\/a> ,&nbsp; pelo artista sergipano radicado no Rio de Janeiro, Sergival Silva.&nbsp; A deputada Luiza Erundina (PSB-SP), presidente da Frente Parlamentar pela Liberdade de Express&atilde;o e o Direito a Comunica&ccedil;&atilde;o com Participa&ccedil;&atilde;o Popular (Frentecom) considerou o projeto de lei &ldquo;uma proposta bem constru&iacute;da, bem estruturada, consubstanciando todas as propostas da Confer&ecirc;ncia Nacional de Comunica&ccedil;&atilde;o&rdquo; e afirmou que a transforma&ccedil;&atilde;o do sistema de comunica&ccedil;&atilde;o &eacute; &ldquo;uma das reformas mais importantes e necess&aacute;rias&rdquo;.<\/p>\n<p>O deputado Ivan Valente (PSOL-SP) afirmou durante o evento considerar que &quot;a democratiza&ccedil;&atilde;o da comunica&ccedil;&atilde;o talvez seja a maior alavanca de consci&ecirc;ncia popular para os brasileiros e brasileiras&quot;. A deputada Jandira Feghali (PCdoB-RJ) disse que a democratiza&ccedil;&atilde;o da comunica&ccedil;&atilde;o &ldquo;&eacute; a grande luta junto &agrave; reforma pol&iacute;tica que nos pode possibilitar a democracia no Brasil&rdquo;.<\/p>\n<p>A coordenadora do F&oacute;rum Nacional pela Democratiza&ccedil;&atilde;o da Comunica&ccedil;&atilde;o, Rosane Bertotti, destacou o quadro de concentra&ccedil;&atilde;o no setor de comunica&ccedil;&atilde;o no Brasil e apresentou os n&uacute;meros levantados pela <a href=\"http:\/\/localhost\/intervozes_direitoacomunicacao\/wordpress\/?p=27527\">pesquisa da Funda&ccedil;&atilde;o Perseu Abramo<\/a>  que comprovam que os brasileiros e brasileiras querem de fato a regula&ccedil;&atilde;o da comunica&ccedil;&atilde;o. Para ela, o Brasil possui uma legisla&ccedil;&atilde;o com mais de 50 anos que n&atilde;o acompanhou as transforma&ccedil;&otilde;es que nos levaram a um &ldquo;outro mundo, um outro momento da democracia&rdquo;. Segundo Bertotti, &ldquo;&eacute; preciso repensar essa nova estrutura da comunica&ccedil;&atilde;o&rdquo;.<\/p>\n<p>Saudaram tamb&eacute;m a iniciativa a deputada Luciana Santos (PCdoB-PE), o deputado Chico Alencar (PSOL-RJ), o deputado Paulo Rubem (PDT-PE), o senador Randolfe Rodrigues (PSOL-AP), a Central &Uacute;nica dos Trabalhadores (CUT), a&nbsp; Central dos Trabalhadores e Trabalhadoras do Brasil (CTB), CSP-Conlutas, a Uni&atilde;o Nacional dos Estudantes (UNE), o Movimento dos Trabalhadores Sem-Terra (MST), o Sindicato Nacional dos Docentes das Institui&ccedil;&otilde;es de Ensino Superior (Andes-SN) e a Confedera&ccedil;&atilde;o Nacional dos Bispos do Brasil (CNBB).<\/p>\n<p>Estiveram presentes tamb&eacute;m Sinasefe, Conselho Federal de Psicologia, Ag&ecirc;ncia Nacional de Cinema, Abepec, Sinpro-DF, Conselho de Cultura do DF, Marcha Mundial do Clima, Associa&ccedil;&atilde;o Brasileira de R&aacute;diodifus&atilde;o Comunit&aacute;ria (Abra&ccedil;o), Sindicato dos Radialistas do DF, Coletivo Intervozes, Sindiservi&ccedil;os, Levante Popular da Juventude, entre outras.<\/p>\n<p><strong>Projeto de lei de iniciativa popular<\/strong><\/p>\n<p>Para ingressar no Congresso como vontade popular o projeto de lei deve receber 1,3 milh&atilde;o de assinaturas. Uma primeira contagem do que j&aacute; foi assinado ser&aacute; realizada ap&oacute;s o dia 22 de setembro. <\/p>\n<p>O projeto de lei da sociedade civil prop&otilde;e a regulamenta&ccedil;&atilde;o dos artigos da Constitui&ccedil;&atilde;o de 1988 que garantem a pluralidade e diversidade e impedem monop&oacute;lio ou oligop&oacute;lio dos meios de comunica&ccedil;&atilde;o de massa, estabelecendo princ&iacute;pios para a radiodifus&atilde;o (r&aacute;dio e televis&atilde;o) sob concess&atilde;o p&uacute;blica.<br \/><a href=\"http:\/\/www.paraexpressaraliberdade.org.br\/\">Clique aqui para saber mais e ajudar na coleta de assinaturas de apoio ao projeto. <\/a> <\/p>\n","protected":false},"excerpt":{"rendered":"<p>O projeto de lei de iniciativa popular para a comunica&ccedil;&atilde;o que precisa coletar 1,3 milh&atilde;o de assinaturas foi debatido em audit&oacute;rio da C&acirc;mara dos Deputados<\/p>\n","protected":false},"author":1,"featured_media":0,"comment_status":"open","ping_status":"open","sticky":false,"template":"","format":"standard","meta":{"footnotes":""},"categories":[40],"tags":[457],"_links":{"self":[{"href":"https:\/\/obscom.intervozes.org.br\/index.php?rest_route=\/wp\/v2\/posts\/27533"}],"collection":[{"href":"https:\/\/obscom.intervozes.org.br\/index.php?rest_route=\/wp\/v2\/posts"}],"about":[{"href":"https:\/\/obscom.intervozes.org.br\/index.php?rest_route=\/wp\/v2\/types\/post"}],"author":[{"embeddable":true,"href":"https:\/\/obscom.intervozes.org.br\/index.php?rest_route=\/wp\/v2\/users\/1"}],"replies":[{"embeddable":true,"href":"https:\/\/obscom.intervozes.org.br\/index.php?rest_route=%2Fwp%2Fv2%2Fcomments&post=27533"}],"version-history":[{"count":1,"href":"https:\/\/obscom.intervozes.org.br\/index.php?rest_route=\/wp\/v2\/posts\/27533\/revisions"}],"predecessor-version":[{"id":28330,"href":"https:\/\/obscom.intervozes.org.br\/index.php?rest_route=\/wp\/v2\/posts\/27533\/revisions\/28330"}],"wp:attachment":[{"href":"https:\/\/obscom.intervozes.org.br\/index.php?rest_route=%2Fwp%2Fv2%2Fmedia&parent=27533"}],"wp:term":[{"taxonomy":"category","embeddable":true,"href":"https:\/\/obscom.intervozes.org.br\/index.php?rest_route=%2Fwp%2Fv2%2Fcategories&post=27533"},{"taxonomy":"post_tag","embeddable":true,"href":"https:\/\/obscom.intervozes.org.br\/index.php?rest_route=%2Fwp%2Fv2%2Ftags&post=27533"}],"curies":[{"name":"wp","href":"https:\/\/api.w.org\/{rel}","templated":true}]}}