{"id":27530,"date":"2013-08-20T10:55:10","date_gmt":"2013-08-20T10:55:10","guid":{"rendered":"https:\/\/obscom.intervozes.org.br\/wordpress\/?p=27530"},"modified":"2013-08-20T10:55:10","modified_gmt":"2013-08-20T10:55:10","slug":"minicom-lanca-aviso-de-habilitacao-de-radios-comunitarias-para-sete-estados-do-nordeste","status":"publish","type":"post","link":"https:\/\/obscom.intervozes.org.br\/?p=27530","title":{"rendered":"Minicom lan\u00e7a aviso de habilita\u00e7\u00e3o de r\u00e1dios comunit\u00e1rias para sete estados do Nordeste"},"content":{"rendered":"<p><strong>Reda&ccedil;&atilde;o &#8211; Minist&eacute;rio das Comunica&ccedil;&otilde;es<\/strong><\/p>\n<p>Um novo aviso de habilita&ccedil;&atilde;o para o servi&ccedil;o de r&aacute;dio comunit&aacute;ria, publicado nesta segunda-feira pelo Minist&eacute;rio das Comunica&ccedil;&otilde;es, beneficia sete Estados da regi&atilde;o Nordeste, incluindo Rio Grande do Norte, Piau&iacute;, Para&iacute;ba, Sergipe, Alagoas, Pernambuco e Bahia.<\/p>\n<p>Desta vez, as entidades devem encaminhar a documenta&ccedil;&atilde;o necess&aacute;ria, via postal, &agrave; Delegacia Regional do MiniCom em S&atilde;o Paulo, ou entregar diretamente no protocolo central da delegacia paulista.<\/p>\n<p>O prazo para inscri&ccedil;&atilde;o e apresenta&ccedil;&atilde;o da documenta&ccedil;&atilde;o instrut&oacute;ria &eacute; de 60 dias. O formul&aacute;rio de inscri&ccedil;&atilde;o pode ser obtido no site do MiniCom ou na pr&oacute;pria delegacia.<\/p>\n","protected":false},"excerpt":{"rendered":"<p>Reda&ccedil;&atilde;o &#8211; Minist&eacute;rio das Comunica&ccedil;&otilde;es Um novo aviso de habilita&ccedil;&atilde;o para o servi&ccedil;o de r&aacute;dio comunit&aacute;ria, publicado nesta segunda-feira pelo Minist&eacute;rio das Comunica&ccedil;&otilde;es, beneficia sete Estados da regi&atilde;o Nordeste, incluindo Rio Grande do Norte, Piau&iacute;, Para&iacute;ba, Sergipe, Alagoas, Pernambuco e Bahia. Desta vez, as entidades devem encaminhar a documenta&ccedil;&atilde;o necess&aacute;ria, via postal, &agrave; Delegacia Regional &hellip; <a href=\"https:\/\/obscom.intervozes.org.br\/?p=27530\" class=\"more-link\">Continue lendo <span class=\"screen-reader-text\">Minicom lan\u00e7a aviso de habilita\u00e7\u00e3o de r\u00e1dios comunit\u00e1rias para sete estados do Nordeste<\/span> <span class=\"meta-nav\">&rarr;<\/span><\/a><\/p>\n","protected":false},"author":1,"featured_media":0,"comment_status":"open","ping_status":"open","sticky":false,"template":"","format":"standard","meta":{"footnotes":""},"categories":[39],"tags":[],"_links":{"self":[{"href":"https:\/\/obscom.intervozes.org.br\/index.php?rest_route=\/wp\/v2\/posts\/27530"}],"collection":[{"href":"https:\/\/obscom.intervozes.org.br\/index.php?rest_route=\/wp\/v2\/posts"}],"about":[{"href":"https:\/\/obscom.intervozes.org.br\/index.php?rest_route=\/wp\/v2\/types\/post"}],"author":[{"embeddable":true,"href":"https:\/\/obscom.intervozes.org.br\/index.php?rest_route=\/wp\/v2\/users\/1"}],"replies":[{"embeddable":true,"href":"https:\/\/obscom.intervozes.org.br\/index.php?rest_route=%2Fwp%2Fv2%2Fcomments&post=27530"}],"version-history":[{"count":0,"href":"https:\/\/obscom.intervozes.org.br\/index.php?rest_route=\/wp\/v2\/posts\/27530\/revisions"}],"wp:attachment":[{"href":"https:\/\/obscom.intervozes.org.br\/index.php?rest_route=%2Fwp%2Fv2%2Fmedia&parent=27530"}],"wp:term":[{"taxonomy":"category","embeddable":true,"href":"https:\/\/obscom.intervozes.org.br\/index.php?rest_route=%2Fwp%2Fv2%2Fcategories&post=27530"},{"taxonomy":"post_tag","embeddable":true,"href":"https:\/\/obscom.intervozes.org.br\/index.php?rest_route=%2Fwp%2Fv2%2Ftags&post=27530"}],"curies":[{"name":"wp","href":"https:\/\/api.w.org\/{rel}","templated":true}]}}